{"id":1240,"date":"2017-10-20T13:52:17","date_gmt":"2017-10-20T13:52:17","guid":{"rendered":"https:\/\/sistrannoticias.wordpress.com\/?p=320"},"modified":"2021-08-20T14:53:38","modified_gmt":"2021-08-20T17:53:38","slug":"celebramos-25-anos-de-relacion-comercial-con-sura","status":"publish","type":"post","link":"https:\/\/www.sistran.com\/latam\/es\/celebramos-25-anos-de-relacion-comercial-con-sura\/","title":{"rendered":"Celebramos 25 A\u00f1os de relaci\u00f3n comercial con SURA"},"content":{"rendered":"<p><strong><u>Buenos Aires, octubre de 2017<\/u><\/strong>. SISTRAN (<a href=\"http:\/\/www.sistran.com\">www.sistran.com<\/a>) conmemor\u00f3 su 25\u00b0 Aniversario de relaci\u00f3n comercial con SURA Compa\u00f1\u00eda de Seguros.<\/p>\n<p>\u201cEs realmente un orgullo compartir tantos a\u00f1os acompa\u00f1ando a nuestro cliente, en una relaci\u00f3n que marca nuestra permanencia y compromiso con sus necesidades. Celebramos este tiempo de trabajo juntos con el compromiso de seguir mejorando cada d\u00eda para brindarles m\u00e1s y mejores servicios\u201d, as\u00ed defini\u00f3 Gast\u00f3n Ramos Adot, Gerente de la Unidad de Negocios Argentina para SISTRAN en relaci\u00f3n a la alianza estrat\u00e9gica con SURA.<\/p>\n<p><strong><u>Sobre Los Andes \u2013 SunAliance \u2013 Royal &amp; SunAliance \u2013 RSA \u2013 SURA&nbsp; <\/u><\/strong><\/p>\n<p>El 1\u00b0 de octubre de 1992 sali\u00f3 en producci\u00f3n el Sistema de Administraci\u00f3n Integral de Compa\u00f1\u00edas de Seguro de SISTRAN \u2013 SISE en Los Andes Compa\u00f1\u00eda de Seguros. En 1995, Sun Alliance adquiere la totalidad del paquete accionario de Los Andes. Al a\u00f1o siguiente, Sun Alliance y Royal se fusiona en Londres, uni\u00f3n que se concretar\u00eda en la Argentina durante 1997. En 1998 se crea el canal directo Answer, bajo la sociedad RSA Marketing, que act\u00faa como comercializadora de los productos RSA. En 2001, Royal y Sun Alliance adquieren la totalidad de las acciones de RSA Marketing, integr\u00e1ndola a la sociedad. En 2008 la Compa\u00f1\u00eda cambia su branding, pasando a denominarse RSA y en 2015 pasa a ser SURA.<\/p>\n","protected":false},"excerpt":{"rendered":"<p>Buenos Aires, octubre de 2017. SISTRAN (www.sistran.com) conmemor\u00f3 su 25\u00b0 Aniversario de relaci\u00f3n comercial con SURA Compa\u00f1\u00eda de Seguros. \u201cEs realmente un orgullo compartir tantos a\u00f1os acompa\u00f1ando a nuestro cliente, en una relaci\u00f3n que marca nuestra permanencia y compromiso con sus necesidades. Celebramos este tiempo de trabajo juntos con el compromiso de seguir mejorando cada [&hellip;]<\/p>\n","protected":false},"author":2,"featured_media":357,"comment_status":"closed","ping_status":"open","sticky":false,"template":"","format":"standard","meta":{"footnotes":""},"categories":[4],"tags":[],"class_list":["post-1240","post","type-post","status-publish","format-standard","has-post-thumbnail","hentry","category-noticia-es","wow fadeIn"],"yoast_head":"<!-- This site is optimized with the Yoast SEO plugin v27.4 - https:\/\/yoast.com\/product\/yoast-seo-wordpress\/ -->\n<title>Celebramos 25 A\u00f1os de relaci\u00f3n comercial con SURA &#8211;<\/title>\n<meta name=\"robots\" content=\"index, follow, max-snippet:-1, max-image-preview:large, max-video-preview:-1\" \/>\n<link rel=\"canonical\" href=\"https:\/\/www.sistran.com\/latam\/es\/celebramos-25-anos-de-relacion-comercial-con-sura\/\" \/>\n<meta property=\"og:locale\" content=\"es_ES\" \/>\n<meta property=\"og:type\" content=\"article\" \/>\n<meta property=\"og:title\" content=\"Celebramos 25 A\u00f1os de relaci\u00f3n comercial con SURA &#8211;\" \/>\n<meta property=\"og:description\" content=\"Buenos Aires, octubre de 2017. SISTRAN (www.sistran.com) conmemor\u00f3 su 25\u00b0 Aniversario de relaci\u00f3n comercial con SURA Compa\u00f1\u00eda de Seguros. \u201cEs realmente un orgullo compartir tantos a\u00f1os acompa\u00f1ando a nuestro cliente, en una relaci\u00f3n que marca nuestra permanencia y compromiso con sus necesidades. Celebramos este tiempo de trabajo juntos con el compromiso de seguir mejorando cada [&hellip;]\" \/>\n<meta property=\"og:url\" content=\"https:\/\/www.sistran.com\/latam\/es\/celebramos-25-anos-de-relacion-comercial-con-sura\/\" \/>\n<meta property=\"og:site_name\" content=\"SISTRAN\" \/>\n<meta property=\"article:publisher\" content=\"https:\/\/www.facebook.com\/sistranconsultores\" \/>\n<meta property=\"article:published_time\" content=\"2017-10-20T13:52:17+00:00\" \/>\n<meta property=\"article:modified_time\" content=\"2021-08-20T17:53:38+00:00\" \/>\n<meta property=\"og:image\" content=\"https:\/\/www.sistran.com\/latam\/wp-content\/uploads\/2021\/05\/Noticia_SISTRAN.jpg\" \/>\n\t<meta property=\"og:image:width\" content=\"368\" \/>\n\t<meta property=\"og:image:height\" content=\"251\" \/>\n\t<meta property=\"og:image:type\" content=\"image\/jpeg\" \/>\n<meta name=\"author\" content=\"sistran\" \/>\n<meta name=\"twitter:card\" content=\"summary_large_image\" \/>\n<meta name=\"twitter:creator\" content=\"@SistranC\" \/>\n<meta name=\"twitter:site\" content=\"@SistranC\" \/>\n<meta name=\"twitter:label1\" content=\"Escrito por\" \/>\n\t<meta name=\"twitter:data1\" content=\"sistran\" \/>\n\t<meta name=\"twitter:label2\" content=\"Tiempo de lectura\" \/>\n\t<meta name=\"twitter:data2\" content=\"1 minuto\" \/>\n<script type=\"application\/ld+json\" class=\"yoast-schema-graph\">{\"@context\":\"https:\\\/\\\/schema.org\",\"@graph\":[{\"@type\":\"Article\",\"@id\":\"https:\\\/\\\/www.sistran.com\\\/latam\\\/es\\\/celebramos-25-anos-de-relacion-comercial-con-sura\\\/#article\",\"isPartOf\":{\"@id\":\"https:\\\/\\\/www.sistran.com\\\/latam\\\/es\\\/celebramos-25-anos-de-relacion-comercial-con-sura\\\/\"},\"author\":{\"name\":\"sistran\",\"@id\":\"https:\\\/\\\/www.sistran.com\\\/latam\\\/#\\\/schema\\\/person\\\/78942f9f4a525ce04aa3e08d6a905b81\"},\"headline\":\"Celebramos 25 A\u00f1os de relaci\u00f3n comercial con SURA\",\"datePublished\":\"2017-10-20T13:52:17+00:00\",\"dateModified\":\"2021-08-20T17:53:38+00:00\",\"mainEntityOfPage\":{\"@id\":\"https:\\\/\\\/www.sistran.com\\\/latam\\\/es\\\/celebramos-25-anos-de-relacion-comercial-con-sura\\\/\"},\"wordCount\":233,\"publisher\":{\"@id\":\"https:\\\/\\\/www.sistran.com\\\/latam\\\/#organization\"},\"image\":{\"@id\":\"https:\\\/\\\/www.sistran.com\\\/latam\\\/es\\\/celebramos-25-anos-de-relacion-comercial-con-sura\\\/#primaryimage\"},\"thumbnailUrl\":\"https:\\\/\\\/www.sistran.com\\\/latam\\\/wp-content\\\/uploads\\\/2021\\\/05\\\/Noticia_SISTRAN.jpg\",\"articleSection\":[\"Noticia\"],\"inLanguage\":\"es-AR\"},{\"@type\":\"WebPage\",\"@id\":\"https:\\\/\\\/www.sistran.com\\\/latam\\\/es\\\/celebramos-25-anos-de-relacion-comercial-con-sura\\\/\",\"url\":\"https:\\\/\\\/www.sistran.com\\\/latam\\\/es\\\/celebramos-25-anos-de-relacion-comercial-con-sura\\\/\",\"name\":\"Celebramos 25 A\u00f1os de relaci\u00f3n comercial con SURA &#8211;\",\"isPartOf\":{\"@id\":\"https:\\\/\\\/www.sistran.com\\\/latam\\\/#website\"},\"primaryImageOfPage\":{\"@id\":\"https:\\\/\\\/www.sistran.com\\\/latam\\\/es\\\/celebramos-25-anos-de-relacion-comercial-con-sura\\\/#primaryimage\"},\"image\":{\"@id\":\"https:\\\/\\\/www.sistran.com\\\/latam\\\/es\\\/celebramos-25-anos-de-relacion-comercial-con-sura\\\/#primaryimage\"},\"thumbnailUrl\":\"https:\\\/\\\/www.sistran.com\\\/latam\\\/wp-content\\\/uploads\\\/2021\\\/05\\\/Noticia_SISTRAN.jpg\",\"datePublished\":\"2017-10-20T13:52:17+00:00\",\"dateModified\":\"2021-08-20T17:53:38+00:00\",\"breadcrumb\":{\"@id\":\"https:\\\/\\\/www.sistran.com\\\/latam\\\/es\\\/celebramos-25-anos-de-relacion-comercial-con-sura\\\/#breadcrumb\"},\"inLanguage\":\"es-AR\",\"potentialAction\":[{\"@type\":\"ReadAction\",\"target\":[\"https:\\\/\\\/www.sistran.com\\\/latam\\\/es\\\/celebramos-25-anos-de-relacion-comercial-con-sura\\\/\"]}]},{\"@type\":\"ImageObject\",\"inLanguage\":\"es-AR\",\"@id\":\"https:\\\/\\\/www.sistran.com\\\/latam\\\/es\\\/celebramos-25-anos-de-relacion-comercial-con-sura\\\/#primaryimage\",\"url\":\"https:\\\/\\\/www.sistran.com\\\/latam\\\/wp-content\\\/uploads\\\/2021\\\/05\\\/Noticia_SISTRAN.jpg\",\"contentUrl\":\"https:\\\/\\\/www.sistran.com\\\/latam\\\/wp-content\\\/uploads\\\/2021\\\/05\\\/Noticia_SISTRAN.jpg\",\"width\":368,\"height\":251},{\"@type\":\"BreadcrumbList\",\"@id\":\"https:\\\/\\\/www.sistran.com\\\/latam\\\/es\\\/celebramos-25-anos-de-relacion-comercial-con-sura\\\/#breadcrumb\",\"itemListElement\":[{\"@type\":\"ListItem\",\"position\":1,\"name\":\"Inicio\",\"item\":\"https:\\\/\\\/www.sistran.com\\\/latam\\\/es\\\/inicio\\\/\"},{\"@type\":\"ListItem\",\"position\":2,\"name\":\"Celebramos 25 A\u00f1os de relaci\u00f3n comercial con SURA\"}]},{\"@type\":\"WebSite\",\"@id\":\"https:\\\/\\\/www.sistran.com\\\/latam\\\/#website\",\"url\":\"https:\\\/\\\/www.sistran.com\\\/latam\\\/\",\"name\":\"SISTRAN\",\"description\":\"Soluciones de Software para Compa\u00f1\u00edas de Seguros\",\"publisher\":{\"@id\":\"https:\\\/\\\/www.sistran.com\\\/latam\\\/#organization\"},\"potentialAction\":[{\"@type\":\"SearchAction\",\"target\":{\"@type\":\"EntryPoint\",\"urlTemplate\":\"https:\\\/\\\/www.sistran.com\\\/latam\\\/?s={search_term_string}\"},\"query-input\":{\"@type\":\"PropertyValueSpecification\",\"valueRequired\":true,\"valueName\":\"search_term_string\"}}],\"inLanguage\":\"es-AR\"},{\"@type\":\"Organization\",\"@id\":\"https:\\\/\\\/www.sistran.com\\\/latam\\\/#organization\",\"name\":\"SISTRAN\",\"url\":\"https:\\\/\\\/www.sistran.com\\\/latam\\\/\",\"logo\":{\"@type\":\"ImageObject\",\"inLanguage\":\"es-AR\",\"@id\":\"https:\\\/\\\/www.sistran.com\\\/latam\\\/#\\\/schema\\\/logo\\\/image\\\/\",\"url\":\"https:\\\/\\\/www.sistran.com\\\/latam\\\/wp-content\\\/uploads\\\/2021\\\/05\\\/Isologo-SISTRAN.png\",\"contentUrl\":\"https:\\\/\\\/www.sistran.com\\\/latam\\\/wp-content\\\/uploads\\\/2021\\\/05\\\/Isologo-SISTRAN.png\",\"width\":391,\"height\":390,\"caption\":\"SISTRAN\"},\"image\":{\"@id\":\"https:\\\/\\\/www.sistran.com\\\/latam\\\/#\\\/schema\\\/logo\\\/image\\\/\"},\"sameAs\":[\"https:\\\/\\\/www.facebook.com\\\/sistranconsultores\",\"https:\\\/\\\/x.com\\\/SistranC\",\"https:\\\/\\\/www.linkedin.com\\\/company\\\/sistran-consultores\\\/\",\"https:\\\/\\\/www.instagram.com\\\/sistranconsultores\\\/\"]},{\"@type\":\"Person\",\"@id\":\"https:\\\/\\\/www.sistran.com\\\/latam\\\/#\\\/schema\\\/person\\\/78942f9f4a525ce04aa3e08d6a905b81\",\"name\":\"sistran\",\"image\":{\"@type\":\"ImageObject\",\"inLanguage\":\"es-AR\",\"@id\":\"https:\\\/\\\/secure.gravatar.com\\\/avatar\\\/e6b8dc8db4fbbb432b0a8e17035b83d01ed2012e8628abb46516574da655c49c?s=96&d=mm&r=g\",\"url\":\"https:\\\/\\\/secure.gravatar.com\\\/avatar\\\/e6b8dc8db4fbbb432b0a8e17035b83d01ed2012e8628abb46516574da655c49c?s=96&d=mm&r=g\",\"contentUrl\":\"https:\\\/\\\/secure.gravatar.com\\\/avatar\\\/e6b8dc8db4fbbb432b0a8e17035b83d01ed2012e8628abb46516574da655c49c?s=96&d=mm&r=g\",\"caption\":\"sistran\"}}]}<\/script>\n<!-- \/ Yoast SEO plugin. -->","yoast_head_json":{"title":"Celebramos 25 A\u00f1os de relaci\u00f3n comercial con SURA &#8211;","robots":{"index":"index","follow":"follow","max-snippet":"max-snippet:-1","max-image-preview":"max-image-preview:large","max-video-preview":"max-video-preview:-1"},"canonical":"https:\/\/www.sistran.com\/latam\/es\/celebramos-25-anos-de-relacion-comercial-con-sura\/","og_locale":"es_ES","og_type":"article","og_title":"Celebramos 25 A\u00f1os de relaci\u00f3n comercial con SURA &#8211;","og_description":"Buenos Aires, octubre de 2017. SISTRAN (www.sistran.com) conmemor\u00f3 su 25\u00b0 Aniversario de relaci\u00f3n comercial con SURA Compa\u00f1\u00eda de Seguros. \u201cEs realmente un orgullo compartir tantos a\u00f1os acompa\u00f1ando a nuestro cliente, en una relaci\u00f3n que marca nuestra permanencia y compromiso con sus necesidades. Celebramos este tiempo de trabajo juntos con el compromiso de seguir mejorando cada [&hellip;]","og_url":"https:\/\/www.sistran.com\/latam\/es\/celebramos-25-anos-de-relacion-comercial-con-sura\/","og_site_name":"SISTRAN","article_publisher":"https:\/\/www.facebook.com\/sistranconsultores","article_published_time":"2017-10-20T13:52:17+00:00","article_modified_time":"2021-08-20T17:53:38+00:00","og_image":[{"width":368,"height":251,"url":"https:\/\/www.sistran.com\/latam\/wp-content\/uploads\/2021\/05\/Noticia_SISTRAN.jpg","type":"image\/jpeg"}],"author":"sistran","twitter_card":"summary_large_image","twitter_creator":"@SistranC","twitter_site":"@SistranC","twitter_misc":{"Escrito por":"sistran","Tiempo de lectura":"1 minuto"},"schema":{"@context":"https:\/\/schema.org","@graph":[{"@type":"Article","@id":"https:\/\/www.sistran.com\/latam\/es\/celebramos-25-anos-de-relacion-comercial-con-sura\/#article","isPartOf":{"@id":"https:\/\/www.sistran.com\/latam\/es\/celebramos-25-anos-de-relacion-comercial-con-sura\/"},"author":{"name":"sistran","@id":"https:\/\/www.sistran.com\/latam\/#\/schema\/person\/78942f9f4a525ce04aa3e08d6a905b81"},"headline":"Celebramos 25 A\u00f1os de relaci\u00f3n comercial con SURA","datePublished":"2017-10-20T13:52:17+00:00","dateModified":"2021-08-20T17:53:38+00:00","mainEntityOfPage":{"@id":"https:\/\/www.sistran.com\/latam\/es\/celebramos-25-anos-de-relacion-comercial-con-sura\/"},"wordCount":233,"publisher":{"@id":"https:\/\/www.sistran.com\/latam\/#organization"},"image":{"@id":"https:\/\/www.sistran.com\/latam\/es\/celebramos-25-anos-de-relacion-comercial-con-sura\/#primaryimage"},"thumbnailUrl":"https:\/\/www.sistran.com\/latam\/wp-content\/uploads\/2021\/05\/Noticia_SISTRAN.jpg","articleSection":["Noticia"],"inLanguage":"es-AR"},{"@type":"WebPage","@id":"https:\/\/www.sistran.com\/latam\/es\/celebramos-25-anos-de-relacion-comercial-con-sura\/","url":"https:\/\/www.sistran.com\/latam\/es\/celebramos-25-anos-de-relacion-comercial-con-sura\/","name":"Celebramos 25 A\u00f1os de relaci\u00f3n comercial con SURA &#8211;","isPartOf":{"@id":"https:\/\/www.sistran.com\/latam\/#website"},"primaryImageOfPage":{"@id":"https:\/\/www.sistran.com\/latam\/es\/celebramos-25-anos-de-relacion-comercial-con-sura\/#primaryimage"},"image":{"@id":"https:\/\/www.sistran.com\/latam\/es\/celebramos-25-anos-de-relacion-comercial-con-sura\/#primaryimage"},"thumbnailUrl":"https:\/\/www.sistran.com\/latam\/wp-content\/uploads\/2021\/05\/Noticia_SISTRAN.jpg","datePublished":"2017-10-20T13:52:17+00:00","dateModified":"2021-08-20T17:53:38+00:00","breadcrumb":{"@id":"https:\/\/www.sistran.com\/latam\/es\/celebramos-25-anos-de-relacion-comercial-con-sura\/#breadcrumb"},"inLanguage":"es-AR","potentialAction":[{"@type":"ReadAction","target":["https:\/\/www.sistran.com\/latam\/es\/celebramos-25-anos-de-relacion-comercial-con-sura\/"]}]},{"@type":"ImageObject","inLanguage":"es-AR","@id":"https:\/\/www.sistran.com\/latam\/es\/celebramos-25-anos-de-relacion-comercial-con-sura\/#primaryimage","url":"https:\/\/www.sistran.com\/latam\/wp-content\/uploads\/2021\/05\/Noticia_SISTRAN.jpg","contentUrl":"https:\/\/www.sistran.com\/latam\/wp-content\/uploads\/2021\/05\/Noticia_SISTRAN.jpg","width":368,"height":251},{"@type":"BreadcrumbList","@id":"https:\/\/www.sistran.com\/latam\/es\/celebramos-25-anos-de-relacion-comercial-con-sura\/#breadcrumb","itemListElement":[{"@type":"ListItem","position":1,"name":"Inicio","item":"https:\/\/www.sistran.com\/latam\/es\/inicio\/"},{"@type":"ListItem","position":2,"name":"Celebramos 25 A\u00f1os de relaci\u00f3n comercial con SURA"}]},{"@type":"WebSite","@id":"https:\/\/www.sistran.com\/latam\/#website","url":"https:\/\/www.sistran.com\/latam\/","name":"SISTRAN","description":"Soluciones de Software para Compa\u00f1\u00edas de Seguros","publisher":{"@id":"https:\/\/www.sistran.com\/latam\/#organization"},"potentialAction":[{"@type":"SearchAction","target":{"@type":"EntryPoint","urlTemplate":"https:\/\/www.sistran.com\/latam\/?s={search_term_string}"},"query-input":{"@type":"PropertyValueSpecification","valueRequired":true,"valueName":"search_term_string"}}],"inLanguage":"es-AR"},{"@type":"Organization","@id":"https:\/\/www.sistran.com\/latam\/#organization","name":"SISTRAN","url":"https:\/\/www.sistran.com\/latam\/","logo":{"@type":"ImageObject","inLanguage":"es-AR","@id":"https:\/\/www.sistran.com\/latam\/#\/schema\/logo\/image\/","url":"https:\/\/www.sistran.com\/latam\/wp-content\/uploads\/2021\/05\/Isologo-SISTRAN.png","contentUrl":"https:\/\/www.sistran.com\/latam\/wp-content\/uploads\/2021\/05\/Isologo-SISTRAN.png","width":391,"height":390,"caption":"SISTRAN"},"image":{"@id":"https:\/\/www.sistran.com\/latam\/#\/schema\/logo\/image\/"},"sameAs":["https:\/\/www.facebook.com\/sistranconsultores","https:\/\/x.com\/SistranC","https:\/\/www.linkedin.com\/company\/sistran-consultores\/","https:\/\/www.instagram.com\/sistranconsultores\/"]},{"@type":"Person","@id":"https:\/\/www.sistran.com\/latam\/#\/schema\/person\/78942f9f4a525ce04aa3e08d6a905b81","name":"sistran","image":{"@type":"ImageObject","inLanguage":"es-AR","@id":"https:\/\/secure.gravatar.com\/avatar\/e6b8dc8db4fbbb432b0a8e17035b83d01ed2012e8628abb46516574da655c49c?s=96&d=mm&r=g","url":"https:\/\/secure.gravatar.com\/avatar\/e6b8dc8db4fbbb432b0a8e17035b83d01ed2012e8628abb46516574da655c49c?s=96&d=mm&r=g","contentUrl":"https:\/\/secure.gravatar.com\/avatar\/e6b8dc8db4fbbb432b0a8e17035b83d01ed2012e8628abb46516574da655c49c?s=96&d=mm&r=g","caption":"sistran"}}]}},"_links":{"self":[{"href":"https:\/\/www.sistran.com\/latam\/wp-json\/wp\/v2\/posts\/1240","targetHints":{"allow":["GET"]}}],"collection":[{"href":"https:\/\/www.sistran.com\/latam\/wp-json\/wp\/v2\/posts"}],"about":[{"href":"https:\/\/www.sistran.com\/latam\/wp-json\/wp\/v2\/types\/post"}],"author":[{"embeddable":true,"href":"https:\/\/www.sistran.com\/latam\/wp-json\/wp\/v2\/users\/2"}],"replies":[{"embeddable":true,"href":"https:\/\/www.sistran.com\/latam\/wp-json\/wp\/v2\/comments?post=1240"}],"version-history":[{"count":1,"href":"https:\/\/www.sistran.com\/latam\/wp-json\/wp\/v2\/posts\/1240\/revisions"}],"predecessor-version":[{"id":2921,"href":"https:\/\/www.sistran.com\/latam\/wp-json\/wp\/v2\/posts\/1240\/revisions\/2921"}],"wp:featuredmedia":[{"embeddable":true,"href":"https:\/\/www.sistran.com\/latam\/wp-json\/wp\/v2\/media\/357"}],"wp:attachment":[{"href":"https:\/\/www.sistran.com\/latam\/wp-json\/wp\/v2\/media?parent=1240"}],"wp:term":[{"taxonomy":"category","embeddable":true,"href":"https:\/\/www.sistran.com\/latam\/wp-json\/wp\/v2\/categories?post=1240"},{"taxonomy":"post_tag","embeddable":true,"href":"https:\/\/www.sistran.com\/latam\/wp-json\/wp\/v2\/tags?post=1240"}],"curies":[{"name":"wp","href":"https:\/\/api.w.org\/{rel}","templated":true}]}}