{"id":1731,"date":"2019-03-08T18:30:39","date_gmt":"2019-03-08T21:30:39","guid":{"rendered":"http:\/\/www.sistran.com\/latam\/?p=1731"},"modified":"2021-08-20T14:52:33","modified_gmt":"2021-08-20T17:52:33","slug":"la-transformacion-digital-es-la-tendencia-mundial-para-el-mercado-de-seguros","status":"publish","type":"post","link":"https:\/\/www.sistran.com\/latam\/es\/la-transformacion-digital-es-la-tendencia-mundial-para-el-mercado-de-seguros\/","title":{"rendered":"La transformaci\u00f3n digital es la tendencia mundial para el mercado de seguros"},"content":{"rendered":"<p><em>SISTRAN en la Semana del Seguro &#8211; Madrid, del 19 al 21 de febrero<\/em><\/p>\n<p><strong><u>Espa\u00f1a, 8 de marzo de 2019.<\/u><\/strong><strong>&nbsp;SISTRAN <\/strong>(<u><a href=\"http:\/\/www.sistran.com\">www.sistran.com<\/a><\/u>) particip\u00f3 de la <strong>XXVI edici\u00f3n de la Semana del Seguro <\/strong>que se realiz\u00f3 <strong>del 19 al 21 de febrero<\/strong> en el <strong>Centro de Convenciones Norte \u2013 IFEMA<\/strong> de la capital del pa\u00eds. La Semana del Seguro, organizada por INESE, es el principal punto de encuentro de la industria aseguradora en Espa\u00f1a.<br \/>\nCon el lema \u201cJuntos construimos el futuro del sector\u201d, la edici\u00f3n 2019 recibi\u00f3 a m\u00e1s de 3.000 participantes entre entidades aseguradoras, mediadores de seguros, instituciones, asociaciones profesionales, y una amplia variedad de empresas de servicios.<\/p>\n<p>Los asistentes participaron de m\u00e1s de 40 conferencias, debates y foros de an\u00e1lisis, m\u00e1s de 25 espacios de negocios y sesiones con estudios de inter\u00e9s sectorial, exposiciones sobre la actualidad del mercado asegurador, sus problem\u00e1ticas y previsibles tendencias.<\/p>\n<p>&nbsp;<\/p>\n<p>En esta oportunidad, Marcelo Mazzini, CIO y Guillermo Nanni, CTO representaron a SISTRAN en el evento, quienes aseguraron que el evento demostr\u00f3 que \u201cla transformaci\u00f3n digital es el cambio que el sector asegurador espa\u00f1ol est\u00e1 atravesando: modelos de negocio emergentes, nuevos productos digitales, la incorporando de la tecnolog\u00eda al negocio tradicional, entre otros. Inclusive el foro de alta direcci\u00f3n con el lema \u2018Liderar la Disrupci\u00f3n\u00b4 expuso c\u00f3mo el sector asegurador de Espa\u00f1a est\u00e1 afrontando estos cambios\u201d.<\/p>\n<p>En tal sentido, y extrapolando la experiencia europea, \u201cnos complace identificar que la estrategia definida por SISTRAN para apoyar a nuestras clientes en LATAM se encuentra alineada a la adopci\u00f3n de este cambio digital.&nbsp; Auguramos ver en breve la evoluci\u00f3n de muchos de estos cambios que est\u00e1n en marcha\u201d.<\/p>\n<p style=\"text-align: center;\"><img loading=\"lazy\" decoding=\"async\" class=\"alignnone size-full wp-image-1735\" src=\"http:\/\/www.sistran.com\/latam\/wp-content\/uploads\/2019\/03\/Guillermo-Nanni-y-Marcelo-Mazzini-Semana-del-Seguro-ESP_2.jpg\" alt=\"\" width=\"458\" height=\"704\"><\/p>\n<p style=\"text-align: center;\">De izq. a der.: Guillermo Nanni y Marcelo Mazzini<\/p>\n","protected":false},"excerpt":{"rendered":"<p>SISTRAN en la Semana del Seguro &#8211; Madrid, del 19 al 21 de febrero Espa\u00f1a, 8 de marzo de 2019.&nbsp;SISTRAN (www.sistran.com) particip\u00f3 de la XXVI edici\u00f3n de la Semana del Seguro que se realiz\u00f3 del 19 al 21 de febrero en el Centro de Convenciones Norte \u2013 IFEMA de la capital del pa\u00eds. La Semana [&hellip;]<\/p>\n","protected":false},"author":2,"featured_media":2885,"comment_status":"closed","ping_status":"open","sticky":false,"template":"","format":"standard","meta":{"footnotes":""},"categories":[4],"tags":[],"class_list":["post-1731","post","type-post","status-publish","format-standard","has-post-thumbnail","hentry","category-noticia-es","wow fadeIn"],"yoast_head":"<!-- This site is optimized with the Yoast SEO plugin v27.4 - https:\/\/yoast.com\/product\/yoast-seo-wordpress\/ -->\n<title>La transformaci\u00f3n digital es la tendencia mundial para el mercado de seguros &#8211;<\/title>\n<meta name=\"robots\" content=\"index, follow, max-snippet:-1, max-image-preview:large, max-video-preview:-1\" \/>\n<link rel=\"canonical\" href=\"https:\/\/www.sistran.com\/latam\/es\/la-transformacion-digital-es-la-tendencia-mundial-para-el-mercado-de-seguros\/\" \/>\n<meta property=\"og:locale\" content=\"es_ES\" \/>\n<meta property=\"og:type\" content=\"article\" \/>\n<meta property=\"og:title\" content=\"La transformaci\u00f3n digital es la tendencia mundial para el mercado de seguros &#8211;\" \/>\n<meta property=\"og:description\" content=\"SISTRAN en la Semana del Seguro &#8211; Madrid, del 19 al 21 de febrero Espa\u00f1a, 8 de marzo de 2019.&nbsp;SISTRAN (www.sistran.com) particip\u00f3 de la XXVI edici\u00f3n de la Semana del Seguro que se realiz\u00f3 del 19 al 21 de febrero en el Centro de Convenciones Norte \u2013 IFEMA de la capital del pa\u00eds. La Semana [&hellip;]\" \/>\n<meta property=\"og:url\" content=\"https:\/\/www.sistran.com\/latam\/es\/la-transformacion-digital-es-la-tendencia-mundial-para-el-mercado-de-seguros\/\" \/>\n<meta property=\"og:site_name\" content=\"SISTRAN\" \/>\n<meta property=\"article:publisher\" content=\"https:\/\/www.facebook.com\/sistranconsultores\" \/>\n<meta property=\"article:published_time\" content=\"2019-03-08T21:30:39+00:00\" \/>\n<meta property=\"article:modified_time\" content=\"2021-08-20T17:52:33+00:00\" \/>\n<meta property=\"og:image\" content=\"https:\/\/www.sistran.com\/latam\/wp-content\/uploads\/2021\/07\/Guillermo-Nanni-y-Marcelo-Mazzini-Semana-del-Seguro-ESP_2.jpg\" \/>\n\t<meta property=\"og:image:width\" content=\"458\" \/>\n\t<meta property=\"og:image:height\" content=\"704\" \/>\n\t<meta property=\"og:image:type\" content=\"image\/jpeg\" \/>\n<meta name=\"author\" content=\"sistran\" \/>\n<meta name=\"twitter:card\" content=\"summary_large_image\" \/>\n<meta name=\"twitter:creator\" content=\"@SistranC\" \/>\n<meta name=\"twitter:site\" content=\"@SistranC\" \/>\n<meta name=\"twitter:label1\" content=\"Escrito por\" \/>\n\t<meta name=\"twitter:data1\" content=\"sistran\" \/>\n\t<meta name=\"twitter:label2\" content=\"Tiempo de lectura\" \/>\n\t<meta name=\"twitter:data2\" content=\"1 minuto\" \/>\n<script type=\"application\/ld+json\" class=\"yoast-schema-graph\">{\"@context\":\"https:\\\/\\\/schema.org\",\"@graph\":[{\"@type\":\"Article\",\"@id\":\"https:\\\/\\\/www.sistran.com\\\/latam\\\/es\\\/la-transformacion-digital-es-la-tendencia-mundial-para-el-mercado-de-seguros\\\/#article\",\"isPartOf\":{\"@id\":\"https:\\\/\\\/www.sistran.com\\\/latam\\\/es\\\/la-transformacion-digital-es-la-tendencia-mundial-para-el-mercado-de-seguros\\\/\"},\"author\":{\"name\":\"sistran\",\"@id\":\"https:\\\/\\\/www.sistran.com\\\/latam\\\/#\\\/schema\\\/person\\\/78942f9f4a525ce04aa3e08d6a905b81\"},\"headline\":\"La transformaci\u00f3n digital es la tendencia mundial para el mercado de seguros\",\"datePublished\":\"2019-03-08T21:30:39+00:00\",\"dateModified\":\"2021-08-20T17:52:33+00:00\",\"mainEntityOfPage\":{\"@id\":\"https:\\\/\\\/www.sistran.com\\\/latam\\\/es\\\/la-transformacion-digital-es-la-tendencia-mundial-para-el-mercado-de-seguros\\\/\"},\"wordCount\":308,\"publisher\":{\"@id\":\"https:\\\/\\\/www.sistran.com\\\/latam\\\/#organization\"},\"image\":{\"@id\":\"https:\\\/\\\/www.sistran.com\\\/latam\\\/es\\\/la-transformacion-digital-es-la-tendencia-mundial-para-el-mercado-de-seguros\\\/#primaryimage\"},\"thumbnailUrl\":\"https:\\\/\\\/www.sistran.com\\\/latam\\\/wp-content\\\/uploads\\\/2021\\\/07\\\/Guillermo-Nanni-y-Marcelo-Mazzini-Semana-del-Seguro-ESP_2.jpg\",\"articleSection\":[\"Noticia\"],\"inLanguage\":\"es-AR\"},{\"@type\":\"WebPage\",\"@id\":\"https:\\\/\\\/www.sistran.com\\\/latam\\\/es\\\/la-transformacion-digital-es-la-tendencia-mundial-para-el-mercado-de-seguros\\\/\",\"url\":\"https:\\\/\\\/www.sistran.com\\\/latam\\\/es\\\/la-transformacion-digital-es-la-tendencia-mundial-para-el-mercado-de-seguros\\\/\",\"name\":\"La transformaci\u00f3n digital es la tendencia mundial para el mercado de seguros &#8211;\",\"isPartOf\":{\"@id\":\"https:\\\/\\\/www.sistran.com\\\/latam\\\/#website\"},\"primaryImageOfPage\":{\"@id\":\"https:\\\/\\\/www.sistran.com\\\/latam\\\/es\\\/la-transformacion-digital-es-la-tendencia-mundial-para-el-mercado-de-seguros\\\/#primaryimage\"},\"image\":{\"@id\":\"https:\\\/\\\/www.sistran.com\\\/latam\\\/es\\\/la-transformacion-digital-es-la-tendencia-mundial-para-el-mercado-de-seguros\\\/#primaryimage\"},\"thumbnailUrl\":\"https:\\\/\\\/www.sistran.com\\\/latam\\\/wp-content\\\/uploads\\\/2021\\\/07\\\/Guillermo-Nanni-y-Marcelo-Mazzini-Semana-del-Seguro-ESP_2.jpg\",\"datePublished\":\"2019-03-08T21:30:39+00:00\",\"dateModified\":\"2021-08-20T17:52:33+00:00\",\"breadcrumb\":{\"@id\":\"https:\\\/\\\/www.sistran.com\\\/latam\\\/es\\\/la-transformacion-digital-es-la-tendencia-mundial-para-el-mercado-de-seguros\\\/#breadcrumb\"},\"inLanguage\":\"es-AR\",\"potentialAction\":[{\"@type\":\"ReadAction\",\"target\":[\"https:\\\/\\\/www.sistran.com\\\/latam\\\/es\\\/la-transformacion-digital-es-la-tendencia-mundial-para-el-mercado-de-seguros\\\/\"]}]},{\"@type\":\"ImageObject\",\"inLanguage\":\"es-AR\",\"@id\":\"https:\\\/\\\/www.sistran.com\\\/latam\\\/es\\\/la-transformacion-digital-es-la-tendencia-mundial-para-el-mercado-de-seguros\\\/#primaryimage\",\"url\":\"https:\\\/\\\/www.sistran.com\\\/latam\\\/wp-content\\\/uploads\\\/2021\\\/07\\\/Guillermo-Nanni-y-Marcelo-Mazzini-Semana-del-Seguro-ESP_2.jpg\",\"contentUrl\":\"https:\\\/\\\/www.sistran.com\\\/latam\\\/wp-content\\\/uploads\\\/2021\\\/07\\\/Guillermo-Nanni-y-Marcelo-Mazzini-Semana-del-Seguro-ESP_2.jpg\",\"width\":458,\"height\":704},{\"@type\":\"BreadcrumbList\",\"@id\":\"https:\\\/\\\/www.sistran.com\\\/latam\\\/es\\\/la-transformacion-digital-es-la-tendencia-mundial-para-el-mercado-de-seguros\\\/#breadcrumb\",\"itemListElement\":[{\"@type\":\"ListItem\",\"position\":1,\"name\":\"Inicio\",\"item\":\"https:\\\/\\\/www.sistran.com\\\/latam\\\/es\\\/inicio\\\/\"},{\"@type\":\"ListItem\",\"position\":2,\"name\":\"La transformaci\u00f3n digital es la tendencia mundial para el mercado de seguros\"}]},{\"@type\":\"WebSite\",\"@id\":\"https:\\\/\\\/www.sistran.com\\\/latam\\\/#website\",\"url\":\"https:\\\/\\\/www.sistran.com\\\/latam\\\/\",\"name\":\"SISTRAN\",\"description\":\"Soluciones de Software para Compa\u00f1\u00edas de Seguros\",\"publisher\":{\"@id\":\"https:\\\/\\\/www.sistran.com\\\/latam\\\/#organization\"},\"potentialAction\":[{\"@type\":\"SearchAction\",\"target\":{\"@type\":\"EntryPoint\",\"urlTemplate\":\"https:\\\/\\\/www.sistran.com\\\/latam\\\/?s={search_term_string}\"},\"query-input\":{\"@type\":\"PropertyValueSpecification\",\"valueRequired\":true,\"valueName\":\"search_term_string\"}}],\"inLanguage\":\"es-AR\"},{\"@type\":\"Organization\",\"@id\":\"https:\\\/\\\/www.sistran.com\\\/latam\\\/#organization\",\"name\":\"SISTRAN\",\"url\":\"https:\\\/\\\/www.sistran.com\\\/latam\\\/\",\"logo\":{\"@type\":\"ImageObject\",\"inLanguage\":\"es-AR\",\"@id\":\"https:\\\/\\\/www.sistran.com\\\/latam\\\/#\\\/schema\\\/logo\\\/image\\\/\",\"url\":\"https:\\\/\\\/www.sistran.com\\\/latam\\\/wp-content\\\/uploads\\\/2021\\\/05\\\/Isologo-SISTRAN.png\",\"contentUrl\":\"https:\\\/\\\/www.sistran.com\\\/latam\\\/wp-content\\\/uploads\\\/2021\\\/05\\\/Isologo-SISTRAN.png\",\"width\":391,\"height\":390,\"caption\":\"SISTRAN\"},\"image\":{\"@id\":\"https:\\\/\\\/www.sistran.com\\\/latam\\\/#\\\/schema\\\/logo\\\/image\\\/\"},\"sameAs\":[\"https:\\\/\\\/www.facebook.com\\\/sistranconsultores\",\"https:\\\/\\\/x.com\\\/SistranC\",\"https:\\\/\\\/www.linkedin.com\\\/company\\\/sistran-consultores\\\/\",\"https:\\\/\\\/www.instagram.com\\\/sistranconsultores\\\/\"]},{\"@type\":\"Person\",\"@id\":\"https:\\\/\\\/www.sistran.com\\\/latam\\\/#\\\/schema\\\/person\\\/78942f9f4a525ce04aa3e08d6a905b81\",\"name\":\"sistran\",\"image\":{\"@type\":\"ImageObject\",\"inLanguage\":\"es-AR\",\"@id\":\"https:\\\/\\\/secure.gravatar.com\\\/avatar\\\/e6b8dc8db4fbbb432b0a8e17035b83d01ed2012e8628abb46516574da655c49c?s=96&d=mm&r=g\",\"url\":\"https:\\\/\\\/secure.gravatar.com\\\/avatar\\\/e6b8dc8db4fbbb432b0a8e17035b83d01ed2012e8628abb46516574da655c49c?s=96&d=mm&r=g\",\"contentUrl\":\"https:\\\/\\\/secure.gravatar.com\\\/avatar\\\/e6b8dc8db4fbbb432b0a8e17035b83d01ed2012e8628abb46516574da655c49c?s=96&d=mm&r=g\",\"caption\":\"sistran\"}}]}<\/script>\n<!-- \/ Yoast SEO plugin. -->","yoast_head_json":{"title":"La transformaci\u00f3n digital es la tendencia mundial para el mercado de seguros &#8211;","robots":{"index":"index","follow":"follow","max-snippet":"max-snippet:-1","max-image-preview":"max-image-preview:large","max-video-preview":"max-video-preview:-1"},"canonical":"https:\/\/www.sistran.com\/latam\/es\/la-transformacion-digital-es-la-tendencia-mundial-para-el-mercado-de-seguros\/","og_locale":"es_ES","og_type":"article","og_title":"La transformaci\u00f3n digital es la tendencia mundial para el mercado de seguros &#8211;","og_description":"SISTRAN en la Semana del Seguro &#8211; Madrid, del 19 al 21 de febrero Espa\u00f1a, 8 de marzo de 2019.&nbsp;SISTRAN (www.sistran.com) particip\u00f3 de la XXVI edici\u00f3n de la Semana del Seguro que se realiz\u00f3 del 19 al 21 de febrero en el Centro de Convenciones Norte \u2013 IFEMA de la capital del pa\u00eds. La Semana [&hellip;]","og_url":"https:\/\/www.sistran.com\/latam\/es\/la-transformacion-digital-es-la-tendencia-mundial-para-el-mercado-de-seguros\/","og_site_name":"SISTRAN","article_publisher":"https:\/\/www.facebook.com\/sistranconsultores","article_published_time":"2019-03-08T21:30:39+00:00","article_modified_time":"2021-08-20T17:52:33+00:00","og_image":[{"width":458,"height":704,"url":"https:\/\/www.sistran.com\/latam\/wp-content\/uploads\/2021\/07\/Guillermo-Nanni-y-Marcelo-Mazzini-Semana-del-Seguro-ESP_2.jpg","type":"image\/jpeg"}],"author":"sistran","twitter_card":"summary_large_image","twitter_creator":"@SistranC","twitter_site":"@SistranC","twitter_misc":{"Escrito por":"sistran","Tiempo de lectura":"1 minuto"},"schema":{"@context":"https:\/\/schema.org","@graph":[{"@type":"Article","@id":"https:\/\/www.sistran.com\/latam\/es\/la-transformacion-digital-es-la-tendencia-mundial-para-el-mercado-de-seguros\/#article","isPartOf":{"@id":"https:\/\/www.sistran.com\/latam\/es\/la-transformacion-digital-es-la-tendencia-mundial-para-el-mercado-de-seguros\/"},"author":{"name":"sistran","@id":"https:\/\/www.sistran.com\/latam\/#\/schema\/person\/78942f9f4a525ce04aa3e08d6a905b81"},"headline":"La transformaci\u00f3n digital es la tendencia mundial para el mercado de seguros","datePublished":"2019-03-08T21:30:39+00:00","dateModified":"2021-08-20T17:52:33+00:00","mainEntityOfPage":{"@id":"https:\/\/www.sistran.com\/latam\/es\/la-transformacion-digital-es-la-tendencia-mundial-para-el-mercado-de-seguros\/"},"wordCount":308,"publisher":{"@id":"https:\/\/www.sistran.com\/latam\/#organization"},"image":{"@id":"https:\/\/www.sistran.com\/latam\/es\/la-transformacion-digital-es-la-tendencia-mundial-para-el-mercado-de-seguros\/#primaryimage"},"thumbnailUrl":"https:\/\/www.sistran.com\/latam\/wp-content\/uploads\/2021\/07\/Guillermo-Nanni-y-Marcelo-Mazzini-Semana-del-Seguro-ESP_2.jpg","articleSection":["Noticia"],"inLanguage":"es-AR"},{"@type":"WebPage","@id":"https:\/\/www.sistran.com\/latam\/es\/la-transformacion-digital-es-la-tendencia-mundial-para-el-mercado-de-seguros\/","url":"https:\/\/www.sistran.com\/latam\/es\/la-transformacion-digital-es-la-tendencia-mundial-para-el-mercado-de-seguros\/","name":"La transformaci\u00f3n digital es la tendencia mundial para el mercado de seguros &#8211;","isPartOf":{"@id":"https:\/\/www.sistran.com\/latam\/#website"},"primaryImageOfPage":{"@id":"https:\/\/www.sistran.com\/latam\/es\/la-transformacion-digital-es-la-tendencia-mundial-para-el-mercado-de-seguros\/#primaryimage"},"image":{"@id":"https:\/\/www.sistran.com\/latam\/es\/la-transformacion-digital-es-la-tendencia-mundial-para-el-mercado-de-seguros\/#primaryimage"},"thumbnailUrl":"https:\/\/www.sistran.com\/latam\/wp-content\/uploads\/2021\/07\/Guillermo-Nanni-y-Marcelo-Mazzini-Semana-del-Seguro-ESP_2.jpg","datePublished":"2019-03-08T21:30:39+00:00","dateModified":"2021-08-20T17:52:33+00:00","breadcrumb":{"@id":"https:\/\/www.sistran.com\/latam\/es\/la-transformacion-digital-es-la-tendencia-mundial-para-el-mercado-de-seguros\/#breadcrumb"},"inLanguage":"es-AR","potentialAction":[{"@type":"ReadAction","target":["https:\/\/www.sistran.com\/latam\/es\/la-transformacion-digital-es-la-tendencia-mundial-para-el-mercado-de-seguros\/"]}]},{"@type":"ImageObject","inLanguage":"es-AR","@id":"https:\/\/www.sistran.com\/latam\/es\/la-transformacion-digital-es-la-tendencia-mundial-para-el-mercado-de-seguros\/#primaryimage","url":"https:\/\/www.sistran.com\/latam\/wp-content\/uploads\/2021\/07\/Guillermo-Nanni-y-Marcelo-Mazzini-Semana-del-Seguro-ESP_2.jpg","contentUrl":"https:\/\/www.sistran.com\/latam\/wp-content\/uploads\/2021\/07\/Guillermo-Nanni-y-Marcelo-Mazzini-Semana-del-Seguro-ESP_2.jpg","width":458,"height":704},{"@type":"BreadcrumbList","@id":"https:\/\/www.sistran.com\/latam\/es\/la-transformacion-digital-es-la-tendencia-mundial-para-el-mercado-de-seguros\/#breadcrumb","itemListElement":[{"@type":"ListItem","position":1,"name":"Inicio","item":"https:\/\/www.sistran.com\/latam\/es\/inicio\/"},{"@type":"ListItem","position":2,"name":"La transformaci\u00f3n digital es la tendencia mundial para el mercado de seguros"}]},{"@type":"WebSite","@id":"https:\/\/www.sistran.com\/latam\/#website","url":"https:\/\/www.sistran.com\/latam\/","name":"SISTRAN","description":"Soluciones de Software para Compa\u00f1\u00edas de Seguros","publisher":{"@id":"https:\/\/www.sistran.com\/latam\/#organization"},"potentialAction":[{"@type":"SearchAction","target":{"@type":"EntryPoint","urlTemplate":"https:\/\/www.sistran.com\/latam\/?s={search_term_string}"},"query-input":{"@type":"PropertyValueSpecification","valueRequired":true,"valueName":"search_term_string"}}],"inLanguage":"es-AR"},{"@type":"Organization","@id":"https:\/\/www.sistran.com\/latam\/#organization","name":"SISTRAN","url":"https:\/\/www.sistran.com\/latam\/","logo":{"@type":"ImageObject","inLanguage":"es-AR","@id":"https:\/\/www.sistran.com\/latam\/#\/schema\/logo\/image\/","url":"https:\/\/www.sistran.com\/latam\/wp-content\/uploads\/2021\/05\/Isologo-SISTRAN.png","contentUrl":"https:\/\/www.sistran.com\/latam\/wp-content\/uploads\/2021\/05\/Isologo-SISTRAN.png","width":391,"height":390,"caption":"SISTRAN"},"image":{"@id":"https:\/\/www.sistran.com\/latam\/#\/schema\/logo\/image\/"},"sameAs":["https:\/\/www.facebook.com\/sistranconsultores","https:\/\/x.com\/SistranC","https:\/\/www.linkedin.com\/company\/sistran-consultores\/","https:\/\/www.instagram.com\/sistranconsultores\/"]},{"@type":"Person","@id":"https:\/\/www.sistran.com\/latam\/#\/schema\/person\/78942f9f4a525ce04aa3e08d6a905b81","name":"sistran","image":{"@type":"ImageObject","inLanguage":"es-AR","@id":"https:\/\/secure.gravatar.com\/avatar\/e6b8dc8db4fbbb432b0a8e17035b83d01ed2012e8628abb46516574da655c49c?s=96&d=mm&r=g","url":"https:\/\/secure.gravatar.com\/avatar\/e6b8dc8db4fbbb432b0a8e17035b83d01ed2012e8628abb46516574da655c49c?s=96&d=mm&r=g","contentUrl":"https:\/\/secure.gravatar.com\/avatar\/e6b8dc8db4fbbb432b0a8e17035b83d01ed2012e8628abb46516574da655c49c?s=96&d=mm&r=g","caption":"sistran"}}]}},"_links":{"self":[{"href":"https:\/\/www.sistran.com\/latam\/wp-json\/wp\/v2\/posts\/1731","targetHints":{"allow":["GET"]}}],"collection":[{"href":"https:\/\/www.sistran.com\/latam\/wp-json\/wp\/v2\/posts"}],"about":[{"href":"https:\/\/www.sistran.com\/latam\/wp-json\/wp\/v2\/types\/post"}],"author":[{"embeddable":true,"href":"https:\/\/www.sistran.com\/latam\/wp-json\/wp\/v2\/users\/2"}],"replies":[{"embeddable":true,"href":"https:\/\/www.sistran.com\/latam\/wp-json\/wp\/v2\/comments?post=1731"}],"version-history":[{"count":1,"href":"https:\/\/www.sistran.com\/latam\/wp-json\/wp\/v2\/posts\/1731\/revisions"}],"predecessor-version":[{"id":2886,"href":"https:\/\/www.sistran.com\/latam\/wp-json\/wp\/v2\/posts\/1731\/revisions\/2886"}],"wp:featuredmedia":[{"embeddable":true,"href":"https:\/\/www.sistran.com\/latam\/wp-json\/wp\/v2\/media\/2885"}],"wp:attachment":[{"href":"https:\/\/www.sistran.com\/latam\/wp-json\/wp\/v2\/media?parent=1731"}],"wp:term":[{"taxonomy":"category","embeddable":true,"href":"https:\/\/www.sistran.com\/latam\/wp-json\/wp\/v2\/categories?post=1731"},{"taxonomy":"post_tag","embeddable":true,"href":"https:\/\/www.sistran.com\/latam\/wp-json\/wp\/v2\/tags?post=1731"}],"curies":[{"name":"wp","href":"https:\/\/api.w.org\/{rel}","templated":true}]}}