{"id":2346,"date":"2021-01-29T15:11:09","date_gmt":"2021-01-29T18:11:09","guid":{"rendered":"http:\/\/www.sistran.com\/latam\/?p=2346"},"modified":"2021-08-20T14:51:10","modified_gmt":"2021-08-20T17:51:10","slug":"celebramos-el-inicio-de-operaciones-en-comedica-vida-s-a-y-seguros-comedica-s-a","status":"publish","type":"post","link":"https:\/\/www.sistran.com\/latam\/es\/celebramos-el-inicio-de-operaciones-en-comedica-vida-s-a-y-seguros-comedica-s-a\/","title":{"rendered":"Celebramos el inicio de operaciones en Com\u00e9dica Vida, S.A. y Seguros Com\u00e9dica S.A."},"content":{"rendered":"<p>El pasado 14 de enero, SISTRAN Centroam\u00e9rica \u2013 CA particip\u00f3 del acto de inauguraci\u00f3n y coctel de celebraci\u00f3n con ocasi\u00f3n del inicio de Operaciones de COMEDICA VIDA S.A y SEGUROS COMEDICA S.A. &nbsp;El mismo fue realizado con aforo reducido, respetando los protocolos y medidas de prevenci\u00f3n.<\/p>\n<p>En el evento hubo palabras de agradecimiento por parte de Jos\u00e9 Tulio Urrutia, Gerente General de COMEDICA, debido al \u201c<em>exitoso proceso de implementaci\u00f3n, incluida la certificaci\u00f3n de SISE por parte de la Superintendencia del Sistema Financiero, cumpliendo en los tiempos establecidos<\/em>\u201d.<\/p>\n<p>El Superintendente del Sistema Financiero, Gustavo Villatoro, destac\u00f3 \u201c<em>la realizaci\u00f3n de los procesos de una manera eficiente y \u00e1gil<\/em>\u201d, por lo que SISTRAN celebra el \u00e9xito del cliente y reafirma la posici\u00f3n de l\u00edderes en el mercado salvadore\u00f1o, as\u00ed como en el resto de Centroam\u00e9rica.<\/p>\n<p><img loading=\"lazy\" decoding=\"async\" class=\"alignnone size-medium wp-image-2347\" src=\"http:\/\/www.sistran.com\/latam\/wp-content\/uploads\/2021\/01\/Comedica1-300x269.jpg\" alt=\"\" width=\"300\" height=\"269\"><\/p>\n<p>De izq. a der.: Derick Delva, Gerente de Cuentas \u2013 SISTRAN CA; Jose Tulio Urrutia, Gerente General \u2013 Seguros COMEDICA y Jos\u00e9 Leonel Benavente, L\u00edder de Proyecto SISTRAN CA.<\/p>\n<p><img loading=\"lazy\" decoding=\"async\" class=\"alignnone size-medium wp-image-2348\" src=\"http:\/\/www.sistran.com\/latam\/wp-content\/uploads\/2021\/01\/Comedica2-300x176.jpg\" alt=\"\" width=\"300\" height=\"176\"><\/p>\n<p>De izq. a der.: Jos\u00e9 Javier Rivera, Jefe de Sistemas \u2013 Seguros COMEDICA; Derick Delva; Lourdes Andrea Garay Vel\u00e1squez, Jefe de Cumplimiento \u2013 COMEDICA Vida; Jos\u00e9 Leonel Benavente y Ricardo Ernesto Ayala, Jefe de Siniestros \u2013 COMEDICA.<\/p>\n<p><img loading=\"lazy\" decoding=\"async\" class=\"alignnone size-medium wp-image-2349\" src=\"http:\/\/www.sistran.com\/latam\/wp-content\/uploads\/2021\/01\/Comedica3-300x213.jpg\" alt=\"\" width=\"300\" height=\"213\"><\/p>\n<p>De izq. a der.: Derick Delva; Claudia Lizette Barrientos, Gerente T\u00e9cnica \u2013 COMEDICA y Manuel Ernesto Vel\u00e1squez, Gerente Financiero \u2013 COMEDICA<\/p>\n","protected":false},"excerpt":{"rendered":"<p>El pasado 14 de enero, SISTRAN Centroam\u00e9rica \u2013 CA particip\u00f3 del acto de inauguraci\u00f3n y coctel de celebraci\u00f3n con ocasi\u00f3n del inicio de Operaciones de COMEDICA VIDA S.A y SEGUROS COMEDICA S.A. &nbsp;El mismo fue realizado con aforo reducido, respetando los protocolos y medidas de prevenci\u00f3n. En el evento hubo palabras de agradecimiento por parte [&hellip;]<\/p>\n","protected":false},"author":2,"featured_media":2823,"comment_status":"closed","ping_status":"open","sticky":false,"template":"","format":"standard","meta":{"footnotes":""},"categories":[6,4],"tags":[],"class_list":["post-2346","post","type-post","status-publish","format-standard","has-post-thumbnail","hentry","category-destacada-es","category-noticia-es","wow fadeIn"],"yoast_head":"<!-- This site is optimized with the Yoast SEO plugin v27.4 - https:\/\/yoast.com\/product\/yoast-seo-wordpress\/ -->\n<title>Celebramos el inicio de operaciones en Com\u00e9dica Vida, S.A. y Seguros Com\u00e9dica S.A. &#8211;<\/title>\n<meta name=\"robots\" content=\"index, follow, max-snippet:-1, max-image-preview:large, max-video-preview:-1\" \/>\n<link rel=\"canonical\" href=\"https:\/\/www.sistran.com\/latam\/es\/celebramos-el-inicio-de-operaciones-en-comedica-vida-s-a-y-seguros-comedica-s-a\/\" \/>\n<meta property=\"og:locale\" content=\"es_ES\" \/>\n<meta property=\"og:type\" content=\"article\" \/>\n<meta property=\"og:title\" content=\"Celebramos el inicio de operaciones en Com\u00e9dica Vida, S.A. y Seguros Com\u00e9dica S.A. &#8211;\" \/>\n<meta property=\"og:description\" content=\"El pasado 14 de enero, SISTRAN Centroam\u00e9rica \u2013 CA particip\u00f3 del acto de inauguraci\u00f3n y coctel de celebraci\u00f3n con ocasi\u00f3n del inicio de Operaciones de COMEDICA VIDA S.A y SEGUROS COMEDICA S.A. &nbsp;El mismo fue realizado con aforo reducido, respetando los protocolos y medidas de prevenci\u00f3n. En el evento hubo palabras de agradecimiento por parte [&hellip;]\" \/>\n<meta property=\"og:url\" content=\"https:\/\/www.sistran.com\/latam\/es\/celebramos-el-inicio-de-operaciones-en-comedica-vida-s-a-y-seguros-comedica-s-a\/\" \/>\n<meta property=\"og:site_name\" content=\"SISTRAN\" \/>\n<meta property=\"article:publisher\" content=\"https:\/\/www.facebook.com\/sistranconsultores\" \/>\n<meta property=\"article:published_time\" content=\"2021-01-29T18:11:09+00:00\" \/>\n<meta property=\"article:modified_time\" content=\"2021-08-20T17:51:10+00:00\" \/>\n<meta property=\"og:image\" content=\"https:\/\/www.sistran.com\/latam\/wp-content\/uploads\/2021\/07\/Comedica1.jpg\" \/>\n\t<meta property=\"og:image:width\" content=\"591\" \/>\n\t<meta property=\"og:image:height\" content=\"529\" \/>\n\t<meta property=\"og:image:type\" content=\"image\/jpeg\" \/>\n<meta name=\"author\" content=\"sistran\" \/>\n<meta name=\"twitter:card\" content=\"summary_large_image\" \/>\n<meta name=\"twitter:creator\" content=\"@SistranC\" \/>\n<meta name=\"twitter:site\" content=\"@SistranC\" \/>\n<meta name=\"twitter:label1\" content=\"Escrito por\" \/>\n\t<meta name=\"twitter:data1\" content=\"sistran\" \/>\n\t<meta name=\"twitter:label2\" content=\"Tiempo de lectura\" \/>\n\t<meta name=\"twitter:data2\" content=\"1 minuto\" \/>\n<script type=\"application\/ld+json\" class=\"yoast-schema-graph\">{\"@context\":\"https:\\\/\\\/schema.org\",\"@graph\":[{\"@type\":\"Article\",\"@id\":\"https:\\\/\\\/www.sistran.com\\\/latam\\\/es\\\/celebramos-el-inicio-de-operaciones-en-comedica-vida-s-a-y-seguros-comedica-s-a\\\/#article\",\"isPartOf\":{\"@id\":\"https:\\\/\\\/www.sistran.com\\\/latam\\\/es\\\/celebramos-el-inicio-de-operaciones-en-comedica-vida-s-a-y-seguros-comedica-s-a\\\/\"},\"author\":{\"name\":\"sistran\",\"@id\":\"https:\\\/\\\/www.sistran.com\\\/latam\\\/#\\\/schema\\\/person\\\/78942f9f4a525ce04aa3e08d6a905b81\"},\"headline\":\"Celebramos el inicio de operaciones en Com\u00e9dica Vida, S.A. y Seguros Com\u00e9dica S.A.\",\"datePublished\":\"2021-01-29T18:11:09+00:00\",\"dateModified\":\"2021-08-20T17:51:10+00:00\",\"mainEntityOfPage\":{\"@id\":\"https:\\\/\\\/www.sistran.com\\\/latam\\\/es\\\/celebramos-el-inicio-de-operaciones-en-comedica-vida-s-a-y-seguros-comedica-s-a\\\/\"},\"wordCount\":246,\"publisher\":{\"@id\":\"https:\\\/\\\/www.sistran.com\\\/latam\\\/#organization\"},\"image\":{\"@id\":\"https:\\\/\\\/www.sistran.com\\\/latam\\\/es\\\/celebramos-el-inicio-de-operaciones-en-comedica-vida-s-a-y-seguros-comedica-s-a\\\/#primaryimage\"},\"thumbnailUrl\":\"https:\\\/\\\/www.sistran.com\\\/latam\\\/wp-content\\\/uploads\\\/2021\\\/07\\\/Comedica1.jpg\",\"articleSection\":[\"Destacada\",\"Noticia\"],\"inLanguage\":\"es-AR\"},{\"@type\":\"WebPage\",\"@id\":\"https:\\\/\\\/www.sistran.com\\\/latam\\\/es\\\/celebramos-el-inicio-de-operaciones-en-comedica-vida-s-a-y-seguros-comedica-s-a\\\/\",\"url\":\"https:\\\/\\\/www.sistran.com\\\/latam\\\/es\\\/celebramos-el-inicio-de-operaciones-en-comedica-vida-s-a-y-seguros-comedica-s-a\\\/\",\"name\":\"Celebramos el inicio de operaciones en Com\u00e9dica Vida, S.A. y Seguros Com\u00e9dica S.A. &#8211;\",\"isPartOf\":{\"@id\":\"https:\\\/\\\/www.sistran.com\\\/latam\\\/#website\"},\"primaryImageOfPage\":{\"@id\":\"https:\\\/\\\/www.sistran.com\\\/latam\\\/es\\\/celebramos-el-inicio-de-operaciones-en-comedica-vida-s-a-y-seguros-comedica-s-a\\\/#primaryimage\"},\"image\":{\"@id\":\"https:\\\/\\\/www.sistran.com\\\/latam\\\/es\\\/celebramos-el-inicio-de-operaciones-en-comedica-vida-s-a-y-seguros-comedica-s-a\\\/#primaryimage\"},\"thumbnailUrl\":\"https:\\\/\\\/www.sistran.com\\\/latam\\\/wp-content\\\/uploads\\\/2021\\\/07\\\/Comedica1.jpg\",\"datePublished\":\"2021-01-29T18:11:09+00:00\",\"dateModified\":\"2021-08-20T17:51:10+00:00\",\"breadcrumb\":{\"@id\":\"https:\\\/\\\/www.sistran.com\\\/latam\\\/es\\\/celebramos-el-inicio-de-operaciones-en-comedica-vida-s-a-y-seguros-comedica-s-a\\\/#breadcrumb\"},\"inLanguage\":\"es-AR\",\"potentialAction\":[{\"@type\":\"ReadAction\",\"target\":[\"https:\\\/\\\/www.sistran.com\\\/latam\\\/es\\\/celebramos-el-inicio-de-operaciones-en-comedica-vida-s-a-y-seguros-comedica-s-a\\\/\"]}]},{\"@type\":\"ImageObject\",\"inLanguage\":\"es-AR\",\"@id\":\"https:\\\/\\\/www.sistran.com\\\/latam\\\/es\\\/celebramos-el-inicio-de-operaciones-en-comedica-vida-s-a-y-seguros-comedica-s-a\\\/#primaryimage\",\"url\":\"https:\\\/\\\/www.sistran.com\\\/latam\\\/wp-content\\\/uploads\\\/2021\\\/07\\\/Comedica1.jpg\",\"contentUrl\":\"https:\\\/\\\/www.sistran.com\\\/latam\\\/wp-content\\\/uploads\\\/2021\\\/07\\\/Comedica1.jpg\",\"width\":591,\"height\":529},{\"@type\":\"BreadcrumbList\",\"@id\":\"https:\\\/\\\/www.sistran.com\\\/latam\\\/es\\\/celebramos-el-inicio-de-operaciones-en-comedica-vida-s-a-y-seguros-comedica-s-a\\\/#breadcrumb\",\"itemListElement\":[{\"@type\":\"ListItem\",\"position\":1,\"name\":\"Inicio\",\"item\":\"https:\\\/\\\/www.sistran.com\\\/latam\\\/es\\\/inicio\\\/\"},{\"@type\":\"ListItem\",\"position\":2,\"name\":\"Celebramos el inicio de operaciones en Com\u00e9dica Vida, S.A. y Seguros Com\u00e9dica S.A.\"}]},{\"@type\":\"WebSite\",\"@id\":\"https:\\\/\\\/www.sistran.com\\\/latam\\\/#website\",\"url\":\"https:\\\/\\\/www.sistran.com\\\/latam\\\/\",\"name\":\"SISTRAN\",\"description\":\"Soluciones de Software para Compa\u00f1\u00edas de Seguros\",\"publisher\":{\"@id\":\"https:\\\/\\\/www.sistran.com\\\/latam\\\/#organization\"},\"potentialAction\":[{\"@type\":\"SearchAction\",\"target\":{\"@type\":\"EntryPoint\",\"urlTemplate\":\"https:\\\/\\\/www.sistran.com\\\/latam\\\/?s={search_term_string}\"},\"query-input\":{\"@type\":\"PropertyValueSpecification\",\"valueRequired\":true,\"valueName\":\"search_term_string\"}}],\"inLanguage\":\"es-AR\"},{\"@type\":\"Organization\",\"@id\":\"https:\\\/\\\/www.sistran.com\\\/latam\\\/#organization\",\"name\":\"SISTRAN\",\"url\":\"https:\\\/\\\/www.sistran.com\\\/latam\\\/\",\"logo\":{\"@type\":\"ImageObject\",\"inLanguage\":\"es-AR\",\"@id\":\"https:\\\/\\\/www.sistran.com\\\/latam\\\/#\\\/schema\\\/logo\\\/image\\\/\",\"url\":\"https:\\\/\\\/www.sistran.com\\\/latam\\\/wp-content\\\/uploads\\\/2021\\\/05\\\/Isologo-SISTRAN.png\",\"contentUrl\":\"https:\\\/\\\/www.sistran.com\\\/latam\\\/wp-content\\\/uploads\\\/2021\\\/05\\\/Isologo-SISTRAN.png\",\"width\":391,\"height\":390,\"caption\":\"SISTRAN\"},\"image\":{\"@id\":\"https:\\\/\\\/www.sistran.com\\\/latam\\\/#\\\/schema\\\/logo\\\/image\\\/\"},\"sameAs\":[\"https:\\\/\\\/www.facebook.com\\\/sistranconsultores\",\"https:\\\/\\\/x.com\\\/SistranC\",\"https:\\\/\\\/www.linkedin.com\\\/company\\\/sistran-consultores\\\/\",\"https:\\\/\\\/www.instagram.com\\\/sistranconsultores\\\/\"]},{\"@type\":\"Person\",\"@id\":\"https:\\\/\\\/www.sistran.com\\\/latam\\\/#\\\/schema\\\/person\\\/78942f9f4a525ce04aa3e08d6a905b81\",\"name\":\"sistran\",\"image\":{\"@type\":\"ImageObject\",\"inLanguage\":\"es-AR\",\"@id\":\"https:\\\/\\\/secure.gravatar.com\\\/avatar\\\/e6b8dc8db4fbbb432b0a8e17035b83d01ed2012e8628abb46516574da655c49c?s=96&d=mm&r=g\",\"url\":\"https:\\\/\\\/secure.gravatar.com\\\/avatar\\\/e6b8dc8db4fbbb432b0a8e17035b83d01ed2012e8628abb46516574da655c49c?s=96&d=mm&r=g\",\"contentUrl\":\"https:\\\/\\\/secure.gravatar.com\\\/avatar\\\/e6b8dc8db4fbbb432b0a8e17035b83d01ed2012e8628abb46516574da655c49c?s=96&d=mm&r=g\",\"caption\":\"sistran\"}}]}<\/script>\n<!-- \/ Yoast SEO plugin. -->","yoast_head_json":{"title":"Celebramos el inicio de operaciones en Com\u00e9dica Vida, S.A. y Seguros Com\u00e9dica S.A. &#8211;","robots":{"index":"index","follow":"follow","max-snippet":"max-snippet:-1","max-image-preview":"max-image-preview:large","max-video-preview":"max-video-preview:-1"},"canonical":"https:\/\/www.sistran.com\/latam\/es\/celebramos-el-inicio-de-operaciones-en-comedica-vida-s-a-y-seguros-comedica-s-a\/","og_locale":"es_ES","og_type":"article","og_title":"Celebramos el inicio de operaciones en Com\u00e9dica Vida, S.A. y Seguros Com\u00e9dica S.A. &#8211;","og_description":"El pasado 14 de enero, SISTRAN Centroam\u00e9rica \u2013 CA particip\u00f3 del acto de inauguraci\u00f3n y coctel de celebraci\u00f3n con ocasi\u00f3n del inicio de Operaciones de COMEDICA VIDA S.A y SEGUROS COMEDICA S.A. &nbsp;El mismo fue realizado con aforo reducido, respetando los protocolos y medidas de prevenci\u00f3n. En el evento hubo palabras de agradecimiento por parte [&hellip;]","og_url":"https:\/\/www.sistran.com\/latam\/es\/celebramos-el-inicio-de-operaciones-en-comedica-vida-s-a-y-seguros-comedica-s-a\/","og_site_name":"SISTRAN","article_publisher":"https:\/\/www.facebook.com\/sistranconsultores","article_published_time":"2021-01-29T18:11:09+00:00","article_modified_time":"2021-08-20T17:51:10+00:00","og_image":[{"width":591,"height":529,"url":"https:\/\/www.sistran.com\/latam\/wp-content\/uploads\/2021\/07\/Comedica1.jpg","type":"image\/jpeg"}],"author":"sistran","twitter_card":"summary_large_image","twitter_creator":"@SistranC","twitter_site":"@SistranC","twitter_misc":{"Escrito por":"sistran","Tiempo de lectura":"1 minuto"},"schema":{"@context":"https:\/\/schema.org","@graph":[{"@type":"Article","@id":"https:\/\/www.sistran.com\/latam\/es\/celebramos-el-inicio-de-operaciones-en-comedica-vida-s-a-y-seguros-comedica-s-a\/#article","isPartOf":{"@id":"https:\/\/www.sistran.com\/latam\/es\/celebramos-el-inicio-de-operaciones-en-comedica-vida-s-a-y-seguros-comedica-s-a\/"},"author":{"name":"sistran","@id":"https:\/\/www.sistran.com\/latam\/#\/schema\/person\/78942f9f4a525ce04aa3e08d6a905b81"},"headline":"Celebramos el inicio de operaciones en Com\u00e9dica Vida, S.A. y Seguros Com\u00e9dica S.A.","datePublished":"2021-01-29T18:11:09+00:00","dateModified":"2021-08-20T17:51:10+00:00","mainEntityOfPage":{"@id":"https:\/\/www.sistran.com\/latam\/es\/celebramos-el-inicio-de-operaciones-en-comedica-vida-s-a-y-seguros-comedica-s-a\/"},"wordCount":246,"publisher":{"@id":"https:\/\/www.sistran.com\/latam\/#organization"},"image":{"@id":"https:\/\/www.sistran.com\/latam\/es\/celebramos-el-inicio-de-operaciones-en-comedica-vida-s-a-y-seguros-comedica-s-a\/#primaryimage"},"thumbnailUrl":"https:\/\/www.sistran.com\/latam\/wp-content\/uploads\/2021\/07\/Comedica1.jpg","articleSection":["Destacada","Noticia"],"inLanguage":"es-AR"},{"@type":"WebPage","@id":"https:\/\/www.sistran.com\/latam\/es\/celebramos-el-inicio-de-operaciones-en-comedica-vida-s-a-y-seguros-comedica-s-a\/","url":"https:\/\/www.sistran.com\/latam\/es\/celebramos-el-inicio-de-operaciones-en-comedica-vida-s-a-y-seguros-comedica-s-a\/","name":"Celebramos el inicio de operaciones en Com\u00e9dica Vida, S.A. y Seguros Com\u00e9dica S.A. &#8211;","isPartOf":{"@id":"https:\/\/www.sistran.com\/latam\/#website"},"primaryImageOfPage":{"@id":"https:\/\/www.sistran.com\/latam\/es\/celebramos-el-inicio-de-operaciones-en-comedica-vida-s-a-y-seguros-comedica-s-a\/#primaryimage"},"image":{"@id":"https:\/\/www.sistran.com\/latam\/es\/celebramos-el-inicio-de-operaciones-en-comedica-vida-s-a-y-seguros-comedica-s-a\/#primaryimage"},"thumbnailUrl":"https:\/\/www.sistran.com\/latam\/wp-content\/uploads\/2021\/07\/Comedica1.jpg","datePublished":"2021-01-29T18:11:09+00:00","dateModified":"2021-08-20T17:51:10+00:00","breadcrumb":{"@id":"https:\/\/www.sistran.com\/latam\/es\/celebramos-el-inicio-de-operaciones-en-comedica-vida-s-a-y-seguros-comedica-s-a\/#breadcrumb"},"inLanguage":"es-AR","potentialAction":[{"@type":"ReadAction","target":["https:\/\/www.sistran.com\/latam\/es\/celebramos-el-inicio-de-operaciones-en-comedica-vida-s-a-y-seguros-comedica-s-a\/"]}]},{"@type":"ImageObject","inLanguage":"es-AR","@id":"https:\/\/www.sistran.com\/latam\/es\/celebramos-el-inicio-de-operaciones-en-comedica-vida-s-a-y-seguros-comedica-s-a\/#primaryimage","url":"https:\/\/www.sistran.com\/latam\/wp-content\/uploads\/2021\/07\/Comedica1.jpg","contentUrl":"https:\/\/www.sistran.com\/latam\/wp-content\/uploads\/2021\/07\/Comedica1.jpg","width":591,"height":529},{"@type":"BreadcrumbList","@id":"https:\/\/www.sistran.com\/latam\/es\/celebramos-el-inicio-de-operaciones-en-comedica-vida-s-a-y-seguros-comedica-s-a\/#breadcrumb","itemListElement":[{"@type":"ListItem","position":1,"name":"Inicio","item":"https:\/\/www.sistran.com\/latam\/es\/inicio\/"},{"@type":"ListItem","position":2,"name":"Celebramos el inicio de operaciones en Com\u00e9dica Vida, S.A. y Seguros Com\u00e9dica S.A."}]},{"@type":"WebSite","@id":"https:\/\/www.sistran.com\/latam\/#website","url":"https:\/\/www.sistran.com\/latam\/","name":"SISTRAN","description":"Soluciones de Software para Compa\u00f1\u00edas de Seguros","publisher":{"@id":"https:\/\/www.sistran.com\/latam\/#organization"},"potentialAction":[{"@type":"SearchAction","target":{"@type":"EntryPoint","urlTemplate":"https:\/\/www.sistran.com\/latam\/?s={search_term_string}"},"query-input":{"@type":"PropertyValueSpecification","valueRequired":true,"valueName":"search_term_string"}}],"inLanguage":"es-AR"},{"@type":"Organization","@id":"https:\/\/www.sistran.com\/latam\/#organization","name":"SISTRAN","url":"https:\/\/www.sistran.com\/latam\/","logo":{"@type":"ImageObject","inLanguage":"es-AR","@id":"https:\/\/www.sistran.com\/latam\/#\/schema\/logo\/image\/","url":"https:\/\/www.sistran.com\/latam\/wp-content\/uploads\/2021\/05\/Isologo-SISTRAN.png","contentUrl":"https:\/\/www.sistran.com\/latam\/wp-content\/uploads\/2021\/05\/Isologo-SISTRAN.png","width":391,"height":390,"caption":"SISTRAN"},"image":{"@id":"https:\/\/www.sistran.com\/latam\/#\/schema\/logo\/image\/"},"sameAs":["https:\/\/www.facebook.com\/sistranconsultores","https:\/\/x.com\/SistranC","https:\/\/www.linkedin.com\/company\/sistran-consultores\/","https:\/\/www.instagram.com\/sistranconsultores\/"]},{"@type":"Person","@id":"https:\/\/www.sistran.com\/latam\/#\/schema\/person\/78942f9f4a525ce04aa3e08d6a905b81","name":"sistran","image":{"@type":"ImageObject","inLanguage":"es-AR","@id":"https:\/\/secure.gravatar.com\/avatar\/e6b8dc8db4fbbb432b0a8e17035b83d01ed2012e8628abb46516574da655c49c?s=96&d=mm&r=g","url":"https:\/\/secure.gravatar.com\/avatar\/e6b8dc8db4fbbb432b0a8e17035b83d01ed2012e8628abb46516574da655c49c?s=96&d=mm&r=g","contentUrl":"https:\/\/secure.gravatar.com\/avatar\/e6b8dc8db4fbbb432b0a8e17035b83d01ed2012e8628abb46516574da655c49c?s=96&d=mm&r=g","caption":"sistran"}}]}},"_links":{"self":[{"href":"https:\/\/www.sistran.com\/latam\/wp-json\/wp\/v2\/posts\/2346","targetHints":{"allow":["GET"]}}],"collection":[{"href":"https:\/\/www.sistran.com\/latam\/wp-json\/wp\/v2\/posts"}],"about":[{"href":"https:\/\/www.sistran.com\/latam\/wp-json\/wp\/v2\/types\/post"}],"author":[{"embeddable":true,"href":"https:\/\/www.sistran.com\/latam\/wp-json\/wp\/v2\/users\/2"}],"replies":[{"embeddable":true,"href":"https:\/\/www.sistran.com\/latam\/wp-json\/wp\/v2\/comments?post=2346"}],"version-history":[{"count":1,"href":"https:\/\/www.sistran.com\/latam\/wp-json\/wp\/v2\/posts\/2346\/revisions"}],"predecessor-version":[{"id":2824,"href":"https:\/\/www.sistran.com\/latam\/wp-json\/wp\/v2\/posts\/2346\/revisions\/2824"}],"wp:featuredmedia":[{"embeddable":true,"href":"https:\/\/www.sistran.com\/latam\/wp-json\/wp\/v2\/media\/2823"}],"wp:attachment":[{"href":"https:\/\/www.sistran.com\/latam\/wp-json\/wp\/v2\/media?parent=2346"}],"wp:term":[{"taxonomy":"category","embeddable":true,"href":"https:\/\/www.sistran.com\/latam\/wp-json\/wp\/v2\/categories?post=2346"},{"taxonomy":"post_tag","embeddable":true,"href":"https:\/\/www.sistran.com\/latam\/wp-json\/wp\/v2\/tags?post=2346"}],"curies":[{"name":"wp","href":"https:\/\/api.w.org\/{rel}","templated":true}]}}