{"id":2385,"date":"2021-02-22T14:07:11","date_gmt":"2021-02-22T17:07:11","guid":{"rendered":"http:\/\/www.sistran.com\/latam\/?p=2385"},"modified":"2021-08-20T14:51:10","modified_gmt":"2021-08-20T17:51:10","slug":"ampliamos-el-alcance-de-iso-andina-a-mexico","status":"publish","type":"post","link":"https:\/\/www.sistran.com\/latam\/es\/ampliamos-el-alcance-de-iso-andina-a-mexico\/","title":{"rendered":"Ampliamos el alcance de ISO Andina a M\u00e9xico"},"content":{"rendered":"<p style=\"text-align: left;\"><em>El pasado 12 de febrero el organismo SGS ampli\u00f3 la certificaci\u00f3n internacional ISO 9001:2015 de la Regi\u00f3n Andina (Colombia y Ecuador) a la Unidad de Negocios de M\u00e9xico. \u00a1Celebramos nuestro compromiso con la calidad para brindar mejores productos y servicios a nuestros clientes!<\/em><\/p>\n<p><em><br \/>\n<\/em><em><\/em>Durante 2020, bajo el panorama incierto de la pandemia, se emprendi\u00f3 el desaf\u00edo de adherir a la Unidad de M\u00e9xico al Sistema de Gesti\u00f3n de Calidad, integrando y estandarizando la gesti\u00f3n de los Procesos Estrat\u00e9gicos (Gesti\u00f3n de la Direcci\u00f3n y Mejora Continua), los Procesos Misionales (Gesti\u00f3n de Ventas, Proyectos y Servicios) y los Procesos de Apoyo (Gesti\u00f3n Compras, Tesorer\u00eda, tecnolog\u00eda y Recursos Humanos).<\/p>\n<p style=\"text-align: left;\"><img loading=\"lazy\" decoding=\"async\" class=\"alignnone wp-image-2395\" src=\"http:\/\/www.sistran.com\/latam\/wp-content\/uploads\/2021\/02\/Iso_9001_2015_Original-1-300x56.jpg\" alt=\"\" width=\"466\" height=\"87\"><\/p>\n<p>Durante la reuni\u00f3n de cierre del ejercicio, la auditora, Alexandra Cala de SGS, resalt\u00f3 \u201c<em>la capacidad y el talento del personal para liderar y materializar este tipo de proyectos organizacionales, al igual que la disposici\u00f3n y el compromiso para incorporar los procesos a la din\u00e1mica diaria y natural de la organizaci\u00f3n<\/em>\u201d.<\/p>\n<p style=\"text-align: left;\">\n","protected":false},"excerpt":{"rendered":"<p>El pasado 12 de febrero el organismo SGS ampli\u00f3 la certificaci\u00f3n internacional ISO 9001:2015 de la Regi\u00f3n Andina (Colombia y Ecuador) a la Unidad de Negocios de M\u00e9xico. \u00a1Celebramos nuestro compromiso con la calidad para brindar mejores productos y servicios a nuestros clientes! Durante 2020, bajo el panorama incierto de la pandemia, se emprendi\u00f3 el [&hellip;]<\/p>\n","protected":false},"author":2,"featured_media":2821,"comment_status":"closed","ping_status":"open","sticky":false,"template":"","format":"standard","meta":{"footnotes":""},"categories":[6,4],"tags":[],"class_list":["post-2385","post","type-post","status-publish","format-standard","has-post-thumbnail","hentry","category-destacada-es","category-noticia-es","wow fadeIn"],"yoast_head":"<!-- This site is optimized with the Yoast SEO plugin v27.4 - https:\/\/yoast.com\/product\/yoast-seo-wordpress\/ -->\n<title>Ampliamos el alcance de ISO Andina a M\u00e9xico &#8211;<\/title>\n<meta name=\"robots\" content=\"index, follow, max-snippet:-1, max-image-preview:large, max-video-preview:-1\" \/>\n<link rel=\"canonical\" href=\"https:\/\/www.sistran.com\/latam\/es\/ampliamos-el-alcance-de-iso-andina-a-mexico\/\" \/>\n<meta property=\"og:locale\" content=\"es_ES\" \/>\n<meta property=\"og:type\" content=\"article\" \/>\n<meta property=\"og:title\" content=\"Ampliamos el alcance de ISO Andina a M\u00e9xico &#8211;\" \/>\n<meta property=\"og:description\" content=\"El pasado 12 de febrero el organismo SGS ampli\u00f3 la certificaci\u00f3n internacional ISO 9001:2015 de la Regi\u00f3n Andina (Colombia y Ecuador) a la Unidad de Negocios de M\u00e9xico. \u00a1Celebramos nuestro compromiso con la calidad para brindar mejores productos y servicios a nuestros clientes! Durante 2020, bajo el panorama incierto de la pandemia, se emprendi\u00f3 el [&hellip;]\" \/>\n<meta property=\"og:url\" content=\"https:\/\/www.sistran.com\/latam\/es\/ampliamos-el-alcance-de-iso-andina-a-mexico\/\" \/>\n<meta property=\"og:site_name\" content=\"SISTRAN\" \/>\n<meta property=\"article:publisher\" content=\"https:\/\/www.facebook.com\/sistranconsultores\" \/>\n<meta property=\"article:published_time\" content=\"2021-02-22T17:07:11+00:00\" \/>\n<meta property=\"article:modified_time\" content=\"2021-08-20T17:51:10+00:00\" \/>\n<meta property=\"og:image\" content=\"https:\/\/www.sistran.com\/latam\/wp-content\/uploads\/2021\/07\/Certificacion-Mexico-2021_Destacada.jpg\" \/>\n\t<meta property=\"og:image:width\" content=\"750\" \/>\n\t<meta property=\"og:image:height\" content=\"463\" \/>\n\t<meta property=\"og:image:type\" content=\"image\/jpeg\" \/>\n<meta name=\"author\" content=\"sistran\" \/>\n<meta name=\"twitter:card\" content=\"summary_large_image\" \/>\n<meta name=\"twitter:creator\" content=\"@SistranC\" \/>\n<meta name=\"twitter:site\" content=\"@SistranC\" \/>\n<meta name=\"twitter:label1\" content=\"Escrito por\" \/>\n\t<meta name=\"twitter:data1\" content=\"sistran\" \/>\n\t<meta name=\"twitter:label2\" content=\"Tiempo de lectura\" \/>\n\t<meta name=\"twitter:data2\" content=\"1 minuto\" \/>\n<script type=\"application\/ld+json\" class=\"yoast-schema-graph\">{\"@context\":\"https:\\\/\\\/schema.org\",\"@graph\":[{\"@type\":\"Article\",\"@id\":\"https:\\\/\\\/www.sistran.com\\\/latam\\\/es\\\/ampliamos-el-alcance-de-iso-andina-a-mexico\\\/#article\",\"isPartOf\":{\"@id\":\"https:\\\/\\\/www.sistran.com\\\/latam\\\/es\\\/ampliamos-el-alcance-de-iso-andina-a-mexico\\\/\"},\"author\":{\"name\":\"sistran\",\"@id\":\"https:\\\/\\\/www.sistran.com\\\/latam\\\/#\\\/schema\\\/person\\\/78942f9f4a525ce04aa3e08d6a905b81\"},\"headline\":\"Ampliamos el alcance de ISO Andina a M\u00e9xico\",\"datePublished\":\"2021-02-22T17:07:11+00:00\",\"dateModified\":\"2021-08-20T17:51:10+00:00\",\"mainEntityOfPage\":{\"@id\":\"https:\\\/\\\/www.sistran.com\\\/latam\\\/es\\\/ampliamos-el-alcance-de-iso-andina-a-mexico\\\/\"},\"wordCount\":181,\"publisher\":{\"@id\":\"https:\\\/\\\/www.sistran.com\\\/latam\\\/#organization\"},\"image\":{\"@id\":\"https:\\\/\\\/www.sistran.com\\\/latam\\\/es\\\/ampliamos-el-alcance-de-iso-andina-a-mexico\\\/#primaryimage\"},\"thumbnailUrl\":\"https:\\\/\\\/www.sistran.com\\\/latam\\\/wp-content\\\/uploads\\\/2021\\\/07\\\/Certificacion-Mexico-2021_Destacada.jpg\",\"articleSection\":[\"Destacada\",\"Noticia\"],\"inLanguage\":\"es-AR\"},{\"@type\":\"WebPage\",\"@id\":\"https:\\\/\\\/www.sistran.com\\\/latam\\\/es\\\/ampliamos-el-alcance-de-iso-andina-a-mexico\\\/\",\"url\":\"https:\\\/\\\/www.sistran.com\\\/latam\\\/es\\\/ampliamos-el-alcance-de-iso-andina-a-mexico\\\/\",\"name\":\"Ampliamos el alcance de ISO Andina a M\u00e9xico &#8211;\",\"isPartOf\":{\"@id\":\"https:\\\/\\\/www.sistran.com\\\/latam\\\/#website\"},\"primaryImageOfPage\":{\"@id\":\"https:\\\/\\\/www.sistran.com\\\/latam\\\/es\\\/ampliamos-el-alcance-de-iso-andina-a-mexico\\\/#primaryimage\"},\"image\":{\"@id\":\"https:\\\/\\\/www.sistran.com\\\/latam\\\/es\\\/ampliamos-el-alcance-de-iso-andina-a-mexico\\\/#primaryimage\"},\"thumbnailUrl\":\"https:\\\/\\\/www.sistran.com\\\/latam\\\/wp-content\\\/uploads\\\/2021\\\/07\\\/Certificacion-Mexico-2021_Destacada.jpg\",\"datePublished\":\"2021-02-22T17:07:11+00:00\",\"dateModified\":\"2021-08-20T17:51:10+00:00\",\"breadcrumb\":{\"@id\":\"https:\\\/\\\/www.sistran.com\\\/latam\\\/es\\\/ampliamos-el-alcance-de-iso-andina-a-mexico\\\/#breadcrumb\"},\"inLanguage\":\"es-AR\",\"potentialAction\":[{\"@type\":\"ReadAction\",\"target\":[\"https:\\\/\\\/www.sistran.com\\\/latam\\\/es\\\/ampliamos-el-alcance-de-iso-andina-a-mexico\\\/\"]}]},{\"@type\":\"ImageObject\",\"inLanguage\":\"es-AR\",\"@id\":\"https:\\\/\\\/www.sistran.com\\\/latam\\\/es\\\/ampliamos-el-alcance-de-iso-andina-a-mexico\\\/#primaryimage\",\"url\":\"https:\\\/\\\/www.sistran.com\\\/latam\\\/wp-content\\\/uploads\\\/2021\\\/07\\\/Certificacion-Mexico-2021_Destacada.jpg\",\"contentUrl\":\"https:\\\/\\\/www.sistran.com\\\/latam\\\/wp-content\\\/uploads\\\/2021\\\/07\\\/Certificacion-Mexico-2021_Destacada.jpg\",\"width\":750,\"height\":463},{\"@type\":\"BreadcrumbList\",\"@id\":\"https:\\\/\\\/www.sistran.com\\\/latam\\\/es\\\/ampliamos-el-alcance-de-iso-andina-a-mexico\\\/#breadcrumb\",\"itemListElement\":[{\"@type\":\"ListItem\",\"position\":1,\"name\":\"Inicio\",\"item\":\"https:\\\/\\\/www.sistran.com\\\/latam\\\/es\\\/inicio\\\/\"},{\"@type\":\"ListItem\",\"position\":2,\"name\":\"Ampliamos el alcance de ISO Andina a M\u00e9xico\"}]},{\"@type\":\"WebSite\",\"@id\":\"https:\\\/\\\/www.sistran.com\\\/latam\\\/#website\",\"url\":\"https:\\\/\\\/www.sistran.com\\\/latam\\\/\",\"name\":\"SISTRAN\",\"description\":\"Soluciones de Software para Compa\u00f1\u00edas de Seguros\",\"publisher\":{\"@id\":\"https:\\\/\\\/www.sistran.com\\\/latam\\\/#organization\"},\"potentialAction\":[{\"@type\":\"SearchAction\",\"target\":{\"@type\":\"EntryPoint\",\"urlTemplate\":\"https:\\\/\\\/www.sistran.com\\\/latam\\\/?s={search_term_string}\"},\"query-input\":{\"@type\":\"PropertyValueSpecification\",\"valueRequired\":true,\"valueName\":\"search_term_string\"}}],\"inLanguage\":\"es-AR\"},{\"@type\":\"Organization\",\"@id\":\"https:\\\/\\\/www.sistran.com\\\/latam\\\/#organization\",\"name\":\"SISTRAN\",\"url\":\"https:\\\/\\\/www.sistran.com\\\/latam\\\/\",\"logo\":{\"@type\":\"ImageObject\",\"inLanguage\":\"es-AR\",\"@id\":\"https:\\\/\\\/www.sistran.com\\\/latam\\\/#\\\/schema\\\/logo\\\/image\\\/\",\"url\":\"https:\\\/\\\/www.sistran.com\\\/latam\\\/wp-content\\\/uploads\\\/2021\\\/05\\\/Isologo-SISTRAN.png\",\"contentUrl\":\"https:\\\/\\\/www.sistran.com\\\/latam\\\/wp-content\\\/uploads\\\/2021\\\/05\\\/Isologo-SISTRAN.png\",\"width\":391,\"height\":390,\"caption\":\"SISTRAN\"},\"image\":{\"@id\":\"https:\\\/\\\/www.sistran.com\\\/latam\\\/#\\\/schema\\\/logo\\\/image\\\/\"},\"sameAs\":[\"https:\\\/\\\/www.facebook.com\\\/sistranconsultores\",\"https:\\\/\\\/x.com\\\/SistranC\",\"https:\\\/\\\/www.linkedin.com\\\/company\\\/sistran-consultores\\\/\",\"https:\\\/\\\/www.instagram.com\\\/sistranconsultores\\\/\"]},{\"@type\":\"Person\",\"@id\":\"https:\\\/\\\/www.sistran.com\\\/latam\\\/#\\\/schema\\\/person\\\/78942f9f4a525ce04aa3e08d6a905b81\",\"name\":\"sistran\",\"image\":{\"@type\":\"ImageObject\",\"inLanguage\":\"es-AR\",\"@id\":\"https:\\\/\\\/secure.gravatar.com\\\/avatar\\\/e6b8dc8db4fbbb432b0a8e17035b83d01ed2012e8628abb46516574da655c49c?s=96&d=mm&r=g\",\"url\":\"https:\\\/\\\/secure.gravatar.com\\\/avatar\\\/e6b8dc8db4fbbb432b0a8e17035b83d01ed2012e8628abb46516574da655c49c?s=96&d=mm&r=g\",\"contentUrl\":\"https:\\\/\\\/secure.gravatar.com\\\/avatar\\\/e6b8dc8db4fbbb432b0a8e17035b83d01ed2012e8628abb46516574da655c49c?s=96&d=mm&r=g\",\"caption\":\"sistran\"}}]}<\/script>\n<!-- \/ Yoast SEO plugin. -->","yoast_head_json":{"title":"Ampliamos el alcance de ISO Andina a M\u00e9xico &#8211;","robots":{"index":"index","follow":"follow","max-snippet":"max-snippet:-1","max-image-preview":"max-image-preview:large","max-video-preview":"max-video-preview:-1"},"canonical":"https:\/\/www.sistran.com\/latam\/es\/ampliamos-el-alcance-de-iso-andina-a-mexico\/","og_locale":"es_ES","og_type":"article","og_title":"Ampliamos el alcance de ISO Andina a M\u00e9xico &#8211;","og_description":"El pasado 12 de febrero el organismo SGS ampli\u00f3 la certificaci\u00f3n internacional ISO 9001:2015 de la Regi\u00f3n Andina (Colombia y Ecuador) a la Unidad de Negocios de M\u00e9xico. \u00a1Celebramos nuestro compromiso con la calidad para brindar mejores productos y servicios a nuestros clientes! Durante 2020, bajo el panorama incierto de la pandemia, se emprendi\u00f3 el [&hellip;]","og_url":"https:\/\/www.sistran.com\/latam\/es\/ampliamos-el-alcance-de-iso-andina-a-mexico\/","og_site_name":"SISTRAN","article_publisher":"https:\/\/www.facebook.com\/sistranconsultores","article_published_time":"2021-02-22T17:07:11+00:00","article_modified_time":"2021-08-20T17:51:10+00:00","og_image":[{"width":750,"height":463,"url":"https:\/\/www.sistran.com\/latam\/wp-content\/uploads\/2021\/07\/Certificacion-Mexico-2021_Destacada.jpg","type":"image\/jpeg"}],"author":"sistran","twitter_card":"summary_large_image","twitter_creator":"@SistranC","twitter_site":"@SistranC","twitter_misc":{"Escrito por":"sistran","Tiempo de lectura":"1 minuto"},"schema":{"@context":"https:\/\/schema.org","@graph":[{"@type":"Article","@id":"https:\/\/www.sistran.com\/latam\/es\/ampliamos-el-alcance-de-iso-andina-a-mexico\/#article","isPartOf":{"@id":"https:\/\/www.sistran.com\/latam\/es\/ampliamos-el-alcance-de-iso-andina-a-mexico\/"},"author":{"name":"sistran","@id":"https:\/\/www.sistran.com\/latam\/#\/schema\/person\/78942f9f4a525ce04aa3e08d6a905b81"},"headline":"Ampliamos el alcance de ISO Andina a M\u00e9xico","datePublished":"2021-02-22T17:07:11+00:00","dateModified":"2021-08-20T17:51:10+00:00","mainEntityOfPage":{"@id":"https:\/\/www.sistran.com\/latam\/es\/ampliamos-el-alcance-de-iso-andina-a-mexico\/"},"wordCount":181,"publisher":{"@id":"https:\/\/www.sistran.com\/latam\/#organization"},"image":{"@id":"https:\/\/www.sistran.com\/latam\/es\/ampliamos-el-alcance-de-iso-andina-a-mexico\/#primaryimage"},"thumbnailUrl":"https:\/\/www.sistran.com\/latam\/wp-content\/uploads\/2021\/07\/Certificacion-Mexico-2021_Destacada.jpg","articleSection":["Destacada","Noticia"],"inLanguage":"es-AR"},{"@type":"WebPage","@id":"https:\/\/www.sistran.com\/latam\/es\/ampliamos-el-alcance-de-iso-andina-a-mexico\/","url":"https:\/\/www.sistran.com\/latam\/es\/ampliamos-el-alcance-de-iso-andina-a-mexico\/","name":"Ampliamos el alcance de ISO Andina a M\u00e9xico &#8211;","isPartOf":{"@id":"https:\/\/www.sistran.com\/latam\/#website"},"primaryImageOfPage":{"@id":"https:\/\/www.sistran.com\/latam\/es\/ampliamos-el-alcance-de-iso-andina-a-mexico\/#primaryimage"},"image":{"@id":"https:\/\/www.sistran.com\/latam\/es\/ampliamos-el-alcance-de-iso-andina-a-mexico\/#primaryimage"},"thumbnailUrl":"https:\/\/www.sistran.com\/latam\/wp-content\/uploads\/2021\/07\/Certificacion-Mexico-2021_Destacada.jpg","datePublished":"2021-02-22T17:07:11+00:00","dateModified":"2021-08-20T17:51:10+00:00","breadcrumb":{"@id":"https:\/\/www.sistran.com\/latam\/es\/ampliamos-el-alcance-de-iso-andina-a-mexico\/#breadcrumb"},"inLanguage":"es-AR","potentialAction":[{"@type":"ReadAction","target":["https:\/\/www.sistran.com\/latam\/es\/ampliamos-el-alcance-de-iso-andina-a-mexico\/"]}]},{"@type":"ImageObject","inLanguage":"es-AR","@id":"https:\/\/www.sistran.com\/latam\/es\/ampliamos-el-alcance-de-iso-andina-a-mexico\/#primaryimage","url":"https:\/\/www.sistran.com\/latam\/wp-content\/uploads\/2021\/07\/Certificacion-Mexico-2021_Destacada.jpg","contentUrl":"https:\/\/www.sistran.com\/latam\/wp-content\/uploads\/2021\/07\/Certificacion-Mexico-2021_Destacada.jpg","width":750,"height":463},{"@type":"BreadcrumbList","@id":"https:\/\/www.sistran.com\/latam\/es\/ampliamos-el-alcance-de-iso-andina-a-mexico\/#breadcrumb","itemListElement":[{"@type":"ListItem","position":1,"name":"Inicio","item":"https:\/\/www.sistran.com\/latam\/es\/inicio\/"},{"@type":"ListItem","position":2,"name":"Ampliamos el alcance de ISO Andina a M\u00e9xico"}]},{"@type":"WebSite","@id":"https:\/\/www.sistran.com\/latam\/#website","url":"https:\/\/www.sistran.com\/latam\/","name":"SISTRAN","description":"Soluciones de Software para Compa\u00f1\u00edas de Seguros","publisher":{"@id":"https:\/\/www.sistran.com\/latam\/#organization"},"potentialAction":[{"@type":"SearchAction","target":{"@type":"EntryPoint","urlTemplate":"https:\/\/www.sistran.com\/latam\/?s={search_term_string}"},"query-input":{"@type":"PropertyValueSpecification","valueRequired":true,"valueName":"search_term_string"}}],"inLanguage":"es-AR"},{"@type":"Organization","@id":"https:\/\/www.sistran.com\/latam\/#organization","name":"SISTRAN","url":"https:\/\/www.sistran.com\/latam\/","logo":{"@type":"ImageObject","inLanguage":"es-AR","@id":"https:\/\/www.sistran.com\/latam\/#\/schema\/logo\/image\/","url":"https:\/\/www.sistran.com\/latam\/wp-content\/uploads\/2021\/05\/Isologo-SISTRAN.png","contentUrl":"https:\/\/www.sistran.com\/latam\/wp-content\/uploads\/2021\/05\/Isologo-SISTRAN.png","width":391,"height":390,"caption":"SISTRAN"},"image":{"@id":"https:\/\/www.sistran.com\/latam\/#\/schema\/logo\/image\/"},"sameAs":["https:\/\/www.facebook.com\/sistranconsultores","https:\/\/x.com\/SistranC","https:\/\/www.linkedin.com\/company\/sistran-consultores\/","https:\/\/www.instagram.com\/sistranconsultores\/"]},{"@type":"Person","@id":"https:\/\/www.sistran.com\/latam\/#\/schema\/person\/78942f9f4a525ce04aa3e08d6a905b81","name":"sistran","image":{"@type":"ImageObject","inLanguage":"es-AR","@id":"https:\/\/secure.gravatar.com\/avatar\/e6b8dc8db4fbbb432b0a8e17035b83d01ed2012e8628abb46516574da655c49c?s=96&d=mm&r=g","url":"https:\/\/secure.gravatar.com\/avatar\/e6b8dc8db4fbbb432b0a8e17035b83d01ed2012e8628abb46516574da655c49c?s=96&d=mm&r=g","contentUrl":"https:\/\/secure.gravatar.com\/avatar\/e6b8dc8db4fbbb432b0a8e17035b83d01ed2012e8628abb46516574da655c49c?s=96&d=mm&r=g","caption":"sistran"}}]}},"_links":{"self":[{"href":"https:\/\/www.sistran.com\/latam\/wp-json\/wp\/v2\/posts\/2385","targetHints":{"allow":["GET"]}}],"collection":[{"href":"https:\/\/www.sistran.com\/latam\/wp-json\/wp\/v2\/posts"}],"about":[{"href":"https:\/\/www.sistran.com\/latam\/wp-json\/wp\/v2\/types\/post"}],"author":[{"embeddable":true,"href":"https:\/\/www.sistran.com\/latam\/wp-json\/wp\/v2\/users\/2"}],"replies":[{"embeddable":true,"href":"https:\/\/www.sistran.com\/latam\/wp-json\/wp\/v2\/comments?post=2385"}],"version-history":[{"count":1,"href":"https:\/\/www.sistran.com\/latam\/wp-json\/wp\/v2\/posts\/2385\/revisions"}],"predecessor-version":[{"id":2822,"href":"https:\/\/www.sistran.com\/latam\/wp-json\/wp\/v2\/posts\/2385\/revisions\/2822"}],"wp:featuredmedia":[{"embeddable":true,"href":"https:\/\/www.sistran.com\/latam\/wp-json\/wp\/v2\/media\/2821"}],"wp:attachment":[{"href":"https:\/\/www.sistran.com\/latam\/wp-json\/wp\/v2\/media?parent=2385"}],"wp:term":[{"taxonomy":"category","embeddable":true,"href":"https:\/\/www.sistran.com\/latam\/wp-json\/wp\/v2\/categories?post=2385"},{"taxonomy":"post_tag","embeddable":true,"href":"https:\/\/www.sistran.com\/latam\/wp-json\/wp\/v2\/tags?post=2385"}],"curies":[{"name":"wp","href":"https:\/\/api.w.org\/{rel}","templated":true}]}}