{"id":5083,"date":"2022-04-19T14:09:20","date_gmt":"2022-04-19T17:09:20","guid":{"rendered":"https:\/\/www.sistran.com\/latam\/?p=5083"},"modified":"2022-04-19T14:25:08","modified_gmt":"2022-04-19T17:25:08","slug":"celebremos-juntos-el-45-aniversario-de-sistran","status":"publish","type":"post","link":"https:\/\/www.sistran.com\/latam\/es\/celebremos-juntos-el-45-aniversario-de-sistran\/","title":{"rendered":"Celebremos juntos el 45\u00b0 Aniversario de SISTRAN"},"content":{"rendered":"<p>En 2022,\u00a0SISTRAN\u00a0cumple su 45\u00b0 Aniversario, y para festejarlo, renov\u00f3 su imagen y promueve su nueva funcionalidad desde sus dos soluciones, SISE como el Core de Seguros e iConnectance, la plataforma digital, constituyendo el back y el front end m\u00e1s potentes del mercado.<\/p>\n<table border=\"0\" width=\"900px\" cellspacing=\"0\" cellpadding=\"0\" align=\"left\">\n<tbody>\n<tr>\n<td style=\"border-radius: 15px 0 0 15px;\" align=\"left\" bgcolor=\"#ffffff\" width=\"250px\"><img loading=\"lazy\" decoding=\"async\" class=\"alignnone size-full wp-image-5087\" src=\"https:\/\/www.sistran.com\/latam\/wp-content\/uploads\/2022\/04\/JoseRios_PNG.png\" alt=\"\" width=\"196\" height=\"192\" \/><\/td>\n<td style=\"border-radius: 0 15px 15px 0; color: #000000;\" valign=\"top; align=\" bgcolor=\"#ffffff\" width=\"650px\"><span style=\"font-size: 1.6rem;\"><em>\u201cSISTRAN creci\u00f3 y se expandi\u00f3. Hoy presta servicios a m\u00e1s de 100 compa\u00f1\u00edas en 18 pa\u00edses, habiendo penetrado en el mercado norteamericano con muy buena aceptaci\u00f3n. 45 a\u00f1os de trayectoria hacen de SISTRAN una empresa s\u00f3lida, que supo atender y acompa\u00f1ar las cambiantes necesidades del mercado a lo largo del tiempo. Saber de tecnolog\u00eda y \u2018Pensar en Seguros\u2019 nos permitieron estar al lado de nuestros clientes acompa\u00f1ando su crecimiento\u201d.<\/em><br \/>\n<strong>Jos\u00e9 R\u00edos \u2013 CEO de SISTRAN<\/strong><\/span><\/td>\n<\/tr>\n<\/tbody>\n<\/table>\n<table border=\"0\" width=\"900px\" cellspacing=\"0\" cellpadding=\"0\" align=\"left\">\n<tbody>\n<tr>\n<td style=\"border-radius: 15px 0 0 15px;\" align=\"left\" bgcolor=\"#ffffff\" width=\"250px\"><img loading=\"lazy\" decoding=\"async\" class=\"alignnone size-full wp-image-5086\" src=\"https:\/\/www.sistran.com\/latam\/wp-content\/uploads\/2022\/04\/JeanPaulBoschetti_PNG.png\" alt=\"\" width=\"191\" height=\"190\" srcset=\"https:\/\/www.sistran.com\/latam\/wp-content\/uploads\/2022\/04\/JeanPaulBoschetti_PNG.png 191w, https:\/\/www.sistran.com\/latam\/wp-content\/uploads\/2022\/04\/JeanPaulBoschetti_PNG-150x150.png 150w\" sizes=\"auto, (max-width: 191px) 100vw, 191px\" \/><\/td>\n<td style=\"border-radius: 0 15px 15px 0; color: #000000;\" align=\"left\" bgcolor=\"#ffffff\" width=\"650px\"><span style=\"font-size: 1.6rem;\"><em>\u201cEstamos muy felices y orgullosos de festejar los 45 a\u00f1os de SISTRAN, una trayectoria incansable de servicio a nuestros clientes, cosechando muchos \u00e9xitos. Reivindicamos con este aniversario nuestro compromiso y energ\u00eda para continuar en esta grata tarea de acompa\u00f1ar al mercado asegurador en el logro del objetivo com\u00fan qu\u00e9 es contar con m\u00e1s seguridad para todas las empresas y todas las personas. Extendemos nuestro agradecimiento a todos los clientes que han confiado en nosotros y a nuestro personal qu\u00e9 ha hecho posible recorrer este gran camino. \u00a1Muchas gracias!\u201d<\/em><br \/>\n<strong>Jean Paul Boschetti \u2013 VPO Regi\u00f3n Andina y M\u00e9xico<\/strong><\/span><\/td>\n<\/tr>\n<\/tbody>\n<\/table>\n<table border=\"0\" width=\"900px\" cellspacing=\"0\" cellpadding=\"0\" align=\"left\">\n<tbody>\n<tr>\n<td style=\"border-radius: 15px 0 0 15px;\" align=\"left\" bgcolor=\"#ffffff\" width=\"250px\"><img loading=\"lazy\" decoding=\"async\" class=\"alignnone size-full wp-image-5085\" src=\"https:\/\/www.sistran.com\/latam\/wp-content\/uploads\/2022\/04\/BernardoSuburu_PNG.png\" alt=\"\" width=\"191\" height=\"192\" srcset=\"https:\/\/www.sistran.com\/latam\/wp-content\/uploads\/2022\/04\/BernardoSuburu_PNG.png 191w, https:\/\/www.sistran.com\/latam\/wp-content\/uploads\/2022\/04\/BernardoSuburu_PNG-150x150.png 150w\" sizes=\"auto, (max-width: 191px) 100vw, 191px\" \/><\/td>\n<td style=\"border-radius: 0 15px 15px 0; color: #000000;\" align=\"left\" bgcolor=\"#ffffff\" width=\"650px\"><span style=\"font-size: 1.6rem;\"><em>\u201cPermanecer l\u00edderes durante 45 a\u00f1os habla por s\u00ed solo. Esto es gracias a los valores que tiene SISTRAN y promueve en todas sus acciones. Llevar adelante semejante haza\u00f1a en un mercado tan cambiante y vol\u00e1til solo se logra teniendo una visi\u00f3n clara de nuestros objetivos y acompa\u00f1ados por un equipo de colaboradores que, d\u00eda a d\u00eda, se esfuerzan por dejar bien alto el nombre de la empresa. Me llena de orgullo pertenecer a esta empresa desde sus or\u00edgenes\u201d.<\/em><br \/>\n<strong>Bernardo Suburu \u2013 VPO Centroam\u00e9rica y Cono Sur<\/strong><\/span><\/td>\n<\/tr>\n<\/tbody>\n<\/table>\n","protected":false},"excerpt":{"rendered":"<p>En 2022,\u00a0SISTRAN\u00a0cumple su 45\u00b0 Aniversario, y para festejarlo, renov\u00f3 su imagen y promueve su nueva funcionalidad desde sus dos soluciones, SISE como el Core de Seguros e iConnectance, la plataforma digital, constituyendo el back y el front end m\u00e1s potentes del mercado. \u201cSISTRAN creci\u00f3 y se expandi\u00f3. Hoy presta servicios a m\u00e1s de 100 compa\u00f1\u00edas [&hellip;]<\/p>\n","protected":false},"author":4,"featured_media":5093,"comment_status":"closed","ping_status":"open","sticky":false,"template":"","format":"standard","meta":{"footnotes":""},"categories":[6,4],"tags":[],"class_list":["post-5083","post","type-post","status-publish","format-standard","has-post-thumbnail","hentry","category-destacada-es","category-noticia-es","wow fadeIn"],"yoast_head":"<!-- This site is optimized with the Yoast SEO plugin v27.4 - https:\/\/yoast.com\/product\/yoast-seo-wordpress\/ -->\n<title>Celebremos juntos el 45\u00b0 Aniversario de SISTRAN &#8211;<\/title>\n<meta name=\"robots\" content=\"index, follow, max-snippet:-1, max-image-preview:large, max-video-preview:-1\" \/>\n<link rel=\"canonical\" href=\"https:\/\/www.sistran.com\/latam\/es\/celebremos-juntos-el-45-aniversario-de-sistran\/\" \/>\n<meta property=\"og:locale\" content=\"es_ES\" \/>\n<meta property=\"og:type\" content=\"article\" \/>\n<meta property=\"og:title\" content=\"Celebremos juntos el 45\u00b0 Aniversario de SISTRAN &#8211;\" \/>\n<meta property=\"og:description\" content=\"En 2022,\u00a0SISTRAN\u00a0cumple su 45\u00b0 Aniversario, y para festejarlo, renov\u00f3 su imagen y promueve su nueva funcionalidad desde sus dos soluciones, SISE como el Core de Seguros e iConnectance, la plataforma digital, constituyendo el back y el front end m\u00e1s potentes del mercado. \u201cSISTRAN creci\u00f3 y se expandi\u00f3. Hoy presta servicios a m\u00e1s de 100 compa\u00f1\u00edas [&hellip;]\" \/>\n<meta property=\"og:url\" content=\"https:\/\/www.sistran.com\/latam\/es\/celebremos-juntos-el-45-aniversario-de-sistran\/\" \/>\n<meta property=\"og:site_name\" content=\"SISTRAN\" \/>\n<meta property=\"article:publisher\" content=\"https:\/\/www.facebook.com\/sistranconsultores\" \/>\n<meta property=\"article:published_time\" content=\"2022-04-19T17:09:20+00:00\" \/>\n<meta property=\"article:modified_time\" content=\"2022-04-19T17:25:08+00:00\" \/>\n<meta property=\"og:image\" content=\"https:\/\/www.sistran.com\/latam\/wp-content\/uploads\/2022\/04\/45AnnosPensandoEnSeguros_Destacada.jpg\" \/>\n\t<meta property=\"og:image:width\" content=\"1094\" \/>\n\t<meta property=\"og:image:height\" content=\"623\" \/>\n\t<meta property=\"og:image:type\" content=\"image\/jpeg\" \/>\n<meta name=\"author\" content=\"trebolnet\" \/>\n<meta name=\"twitter:card\" content=\"summary_large_image\" \/>\n<meta name=\"twitter:creator\" content=\"@SistranC\" \/>\n<meta name=\"twitter:site\" content=\"@SistranC\" \/>\n<meta name=\"twitter:label1\" content=\"Escrito por\" \/>\n\t<meta name=\"twitter:data1\" content=\"trebolnet\" \/>\n\t<meta name=\"twitter:label2\" content=\"Tiempo de lectura\" \/>\n\t<meta name=\"twitter:data2\" content=\"2 minutos\" \/>\n<script type=\"application\/ld+json\" class=\"yoast-schema-graph\">{\"@context\":\"https:\\\/\\\/schema.org\",\"@graph\":[{\"@type\":\"Article\",\"@id\":\"https:\\\/\\\/www.sistran.com\\\/latam\\\/es\\\/celebremos-juntos-el-45-aniversario-de-sistran\\\/#article\",\"isPartOf\":{\"@id\":\"https:\\\/\\\/www.sistran.com\\\/latam\\\/es\\\/celebremos-juntos-el-45-aniversario-de-sistran\\\/\"},\"author\":{\"name\":\"trebolnet\",\"@id\":\"https:\\\/\\\/www.sistran.com\\\/latam\\\/#\\\/schema\\\/person\\\/99dea41e1ca370852369d9e822f3df72\"},\"headline\":\"Celebremos juntos el 45\u00b0 Aniversario de SISTRAN\",\"datePublished\":\"2022-04-19T17:09:20+00:00\",\"dateModified\":\"2022-04-19T17:25:08+00:00\",\"mainEntityOfPage\":{\"@id\":\"https:\\\/\\\/www.sistran.com\\\/latam\\\/es\\\/celebremos-juntos-el-45-aniversario-de-sistran\\\/\"},\"wordCount\":326,\"publisher\":{\"@id\":\"https:\\\/\\\/www.sistran.com\\\/latam\\\/#organization\"},\"image\":{\"@id\":\"https:\\\/\\\/www.sistran.com\\\/latam\\\/es\\\/celebremos-juntos-el-45-aniversario-de-sistran\\\/#primaryimage\"},\"thumbnailUrl\":\"https:\\\/\\\/www.sistran.com\\\/latam\\\/wp-content\\\/uploads\\\/2022\\\/04\\\/45AnnosPensandoEnSeguros_Destacada.jpg\",\"articleSection\":[\"Destacada\",\"Noticia\"],\"inLanguage\":\"es-AR\"},{\"@type\":\"WebPage\",\"@id\":\"https:\\\/\\\/www.sistran.com\\\/latam\\\/es\\\/celebremos-juntos-el-45-aniversario-de-sistran\\\/\",\"url\":\"https:\\\/\\\/www.sistran.com\\\/latam\\\/es\\\/celebremos-juntos-el-45-aniversario-de-sistran\\\/\",\"name\":\"Celebremos juntos el 45\u00b0 Aniversario de SISTRAN &#8211;\",\"isPartOf\":{\"@id\":\"https:\\\/\\\/www.sistran.com\\\/latam\\\/#website\"},\"primaryImageOfPage\":{\"@id\":\"https:\\\/\\\/www.sistran.com\\\/latam\\\/es\\\/celebremos-juntos-el-45-aniversario-de-sistran\\\/#primaryimage\"},\"image\":{\"@id\":\"https:\\\/\\\/www.sistran.com\\\/latam\\\/es\\\/celebremos-juntos-el-45-aniversario-de-sistran\\\/#primaryimage\"},\"thumbnailUrl\":\"https:\\\/\\\/www.sistran.com\\\/latam\\\/wp-content\\\/uploads\\\/2022\\\/04\\\/45AnnosPensandoEnSeguros_Destacada.jpg\",\"datePublished\":\"2022-04-19T17:09:20+00:00\",\"dateModified\":\"2022-04-19T17:25:08+00:00\",\"breadcrumb\":{\"@id\":\"https:\\\/\\\/www.sistran.com\\\/latam\\\/es\\\/celebremos-juntos-el-45-aniversario-de-sistran\\\/#breadcrumb\"},\"inLanguage\":\"es-AR\",\"potentialAction\":[{\"@type\":\"ReadAction\",\"target\":[\"https:\\\/\\\/www.sistran.com\\\/latam\\\/es\\\/celebremos-juntos-el-45-aniversario-de-sistran\\\/\"]}]},{\"@type\":\"ImageObject\",\"inLanguage\":\"es-AR\",\"@id\":\"https:\\\/\\\/www.sistran.com\\\/latam\\\/es\\\/celebremos-juntos-el-45-aniversario-de-sistran\\\/#primaryimage\",\"url\":\"https:\\\/\\\/www.sistran.com\\\/latam\\\/wp-content\\\/uploads\\\/2022\\\/04\\\/45AnnosPensandoEnSeguros_Destacada.jpg\",\"contentUrl\":\"https:\\\/\\\/www.sistran.com\\\/latam\\\/wp-content\\\/uploads\\\/2022\\\/04\\\/45AnnosPensandoEnSeguros_Destacada.jpg\",\"width\":1094,\"height\":623},{\"@type\":\"BreadcrumbList\",\"@id\":\"https:\\\/\\\/www.sistran.com\\\/latam\\\/es\\\/celebremos-juntos-el-45-aniversario-de-sistran\\\/#breadcrumb\",\"itemListElement\":[{\"@type\":\"ListItem\",\"position\":1,\"name\":\"Inicio\",\"item\":\"https:\\\/\\\/www.sistran.com\\\/latam\\\/es\\\/inicio\\\/\"},{\"@type\":\"ListItem\",\"position\":2,\"name\":\"Celebremos juntos el 45\u00b0 Aniversario de SISTRAN\"}]},{\"@type\":\"WebSite\",\"@id\":\"https:\\\/\\\/www.sistran.com\\\/latam\\\/#website\",\"url\":\"https:\\\/\\\/www.sistran.com\\\/latam\\\/\",\"name\":\"SISTRAN\",\"description\":\"Soluciones de Software para Compa\u00f1\u00edas de Seguros\",\"publisher\":{\"@id\":\"https:\\\/\\\/www.sistran.com\\\/latam\\\/#organization\"},\"potentialAction\":[{\"@type\":\"SearchAction\",\"target\":{\"@type\":\"EntryPoint\",\"urlTemplate\":\"https:\\\/\\\/www.sistran.com\\\/latam\\\/?s={search_term_string}\"},\"query-input\":{\"@type\":\"PropertyValueSpecification\",\"valueRequired\":true,\"valueName\":\"search_term_string\"}}],\"inLanguage\":\"es-AR\"},{\"@type\":\"Organization\",\"@id\":\"https:\\\/\\\/www.sistran.com\\\/latam\\\/#organization\",\"name\":\"SISTRAN\",\"url\":\"https:\\\/\\\/www.sistran.com\\\/latam\\\/\",\"logo\":{\"@type\":\"ImageObject\",\"inLanguage\":\"es-AR\",\"@id\":\"https:\\\/\\\/www.sistran.com\\\/latam\\\/#\\\/schema\\\/logo\\\/image\\\/\",\"url\":\"https:\\\/\\\/www.sistran.com\\\/latam\\\/wp-content\\\/uploads\\\/2021\\\/05\\\/Isologo-SISTRAN.png\",\"contentUrl\":\"https:\\\/\\\/www.sistran.com\\\/latam\\\/wp-content\\\/uploads\\\/2021\\\/05\\\/Isologo-SISTRAN.png\",\"width\":391,\"height\":390,\"caption\":\"SISTRAN\"},\"image\":{\"@id\":\"https:\\\/\\\/www.sistran.com\\\/latam\\\/#\\\/schema\\\/logo\\\/image\\\/\"},\"sameAs\":[\"https:\\\/\\\/www.facebook.com\\\/sistranconsultores\",\"https:\\\/\\\/x.com\\\/SistranC\",\"https:\\\/\\\/www.linkedin.com\\\/company\\\/sistran-consultores\\\/\",\"https:\\\/\\\/www.instagram.com\\\/sistranconsultores\\\/\"]},{\"@type\":\"Person\",\"@id\":\"https:\\\/\\\/www.sistran.com\\\/latam\\\/#\\\/schema\\\/person\\\/99dea41e1ca370852369d9e822f3df72\",\"name\":\"trebolnet\",\"image\":{\"@type\":\"ImageObject\",\"inLanguage\":\"es-AR\",\"@id\":\"https:\\\/\\\/secure.gravatar.com\\\/avatar\\\/8aede67ff7009789b714cccdcb8215b89a65af0055c185714e72f91d3c1866ff?s=96&d=mm&r=g\",\"url\":\"https:\\\/\\\/secure.gravatar.com\\\/avatar\\\/8aede67ff7009789b714cccdcb8215b89a65af0055c185714e72f91d3c1866ff?s=96&d=mm&r=g\",\"contentUrl\":\"https:\\\/\\\/secure.gravatar.com\\\/avatar\\\/8aede67ff7009789b714cccdcb8215b89a65af0055c185714e72f91d3c1866ff?s=96&d=mm&r=g\",\"caption\":\"trebolnet\"}}]}<\/script>\n<!-- \/ Yoast SEO plugin. -->","yoast_head_json":{"title":"Celebremos juntos el 45\u00b0 Aniversario de SISTRAN &#8211;","robots":{"index":"index","follow":"follow","max-snippet":"max-snippet:-1","max-image-preview":"max-image-preview:large","max-video-preview":"max-video-preview:-1"},"canonical":"https:\/\/www.sistran.com\/latam\/es\/celebremos-juntos-el-45-aniversario-de-sistran\/","og_locale":"es_ES","og_type":"article","og_title":"Celebremos juntos el 45\u00b0 Aniversario de SISTRAN &#8211;","og_description":"En 2022,\u00a0SISTRAN\u00a0cumple su 45\u00b0 Aniversario, y para festejarlo, renov\u00f3 su imagen y promueve su nueva funcionalidad desde sus dos soluciones, SISE como el Core de Seguros e iConnectance, la plataforma digital, constituyendo el back y el front end m\u00e1s potentes del mercado. \u201cSISTRAN creci\u00f3 y se expandi\u00f3. Hoy presta servicios a m\u00e1s de 100 compa\u00f1\u00edas [&hellip;]","og_url":"https:\/\/www.sistran.com\/latam\/es\/celebremos-juntos-el-45-aniversario-de-sistran\/","og_site_name":"SISTRAN","article_publisher":"https:\/\/www.facebook.com\/sistranconsultores","article_published_time":"2022-04-19T17:09:20+00:00","article_modified_time":"2022-04-19T17:25:08+00:00","og_image":[{"width":1094,"height":623,"url":"https:\/\/www.sistran.com\/latam\/wp-content\/uploads\/2022\/04\/45AnnosPensandoEnSeguros_Destacada.jpg","type":"image\/jpeg"}],"author":"trebolnet","twitter_card":"summary_large_image","twitter_creator":"@SistranC","twitter_site":"@SistranC","twitter_misc":{"Escrito por":"trebolnet","Tiempo de lectura":"2 minutos"},"schema":{"@context":"https:\/\/schema.org","@graph":[{"@type":"Article","@id":"https:\/\/www.sistran.com\/latam\/es\/celebremos-juntos-el-45-aniversario-de-sistran\/#article","isPartOf":{"@id":"https:\/\/www.sistran.com\/latam\/es\/celebremos-juntos-el-45-aniversario-de-sistran\/"},"author":{"name":"trebolnet","@id":"https:\/\/www.sistran.com\/latam\/#\/schema\/person\/99dea41e1ca370852369d9e822f3df72"},"headline":"Celebremos juntos el 45\u00b0 Aniversario de SISTRAN","datePublished":"2022-04-19T17:09:20+00:00","dateModified":"2022-04-19T17:25:08+00:00","mainEntityOfPage":{"@id":"https:\/\/www.sistran.com\/latam\/es\/celebremos-juntos-el-45-aniversario-de-sistran\/"},"wordCount":326,"publisher":{"@id":"https:\/\/www.sistran.com\/latam\/#organization"},"image":{"@id":"https:\/\/www.sistran.com\/latam\/es\/celebremos-juntos-el-45-aniversario-de-sistran\/#primaryimage"},"thumbnailUrl":"https:\/\/www.sistran.com\/latam\/wp-content\/uploads\/2022\/04\/45AnnosPensandoEnSeguros_Destacada.jpg","articleSection":["Destacada","Noticia"],"inLanguage":"es-AR"},{"@type":"WebPage","@id":"https:\/\/www.sistran.com\/latam\/es\/celebremos-juntos-el-45-aniversario-de-sistran\/","url":"https:\/\/www.sistran.com\/latam\/es\/celebremos-juntos-el-45-aniversario-de-sistran\/","name":"Celebremos juntos el 45\u00b0 Aniversario de SISTRAN &#8211;","isPartOf":{"@id":"https:\/\/www.sistran.com\/latam\/#website"},"primaryImageOfPage":{"@id":"https:\/\/www.sistran.com\/latam\/es\/celebremos-juntos-el-45-aniversario-de-sistran\/#primaryimage"},"image":{"@id":"https:\/\/www.sistran.com\/latam\/es\/celebremos-juntos-el-45-aniversario-de-sistran\/#primaryimage"},"thumbnailUrl":"https:\/\/www.sistran.com\/latam\/wp-content\/uploads\/2022\/04\/45AnnosPensandoEnSeguros_Destacada.jpg","datePublished":"2022-04-19T17:09:20+00:00","dateModified":"2022-04-19T17:25:08+00:00","breadcrumb":{"@id":"https:\/\/www.sistran.com\/latam\/es\/celebremos-juntos-el-45-aniversario-de-sistran\/#breadcrumb"},"inLanguage":"es-AR","potentialAction":[{"@type":"ReadAction","target":["https:\/\/www.sistran.com\/latam\/es\/celebremos-juntos-el-45-aniversario-de-sistran\/"]}]},{"@type":"ImageObject","inLanguage":"es-AR","@id":"https:\/\/www.sistran.com\/latam\/es\/celebremos-juntos-el-45-aniversario-de-sistran\/#primaryimage","url":"https:\/\/www.sistran.com\/latam\/wp-content\/uploads\/2022\/04\/45AnnosPensandoEnSeguros_Destacada.jpg","contentUrl":"https:\/\/www.sistran.com\/latam\/wp-content\/uploads\/2022\/04\/45AnnosPensandoEnSeguros_Destacada.jpg","width":1094,"height":623},{"@type":"BreadcrumbList","@id":"https:\/\/www.sistran.com\/latam\/es\/celebremos-juntos-el-45-aniversario-de-sistran\/#breadcrumb","itemListElement":[{"@type":"ListItem","position":1,"name":"Inicio","item":"https:\/\/www.sistran.com\/latam\/es\/inicio\/"},{"@type":"ListItem","position":2,"name":"Celebremos juntos el 45\u00b0 Aniversario de SISTRAN"}]},{"@type":"WebSite","@id":"https:\/\/www.sistran.com\/latam\/#website","url":"https:\/\/www.sistran.com\/latam\/","name":"SISTRAN","description":"Soluciones de Software para Compa\u00f1\u00edas de Seguros","publisher":{"@id":"https:\/\/www.sistran.com\/latam\/#organization"},"potentialAction":[{"@type":"SearchAction","target":{"@type":"EntryPoint","urlTemplate":"https:\/\/www.sistran.com\/latam\/?s={search_term_string}"},"query-input":{"@type":"PropertyValueSpecification","valueRequired":true,"valueName":"search_term_string"}}],"inLanguage":"es-AR"},{"@type":"Organization","@id":"https:\/\/www.sistran.com\/latam\/#organization","name":"SISTRAN","url":"https:\/\/www.sistran.com\/latam\/","logo":{"@type":"ImageObject","inLanguage":"es-AR","@id":"https:\/\/www.sistran.com\/latam\/#\/schema\/logo\/image\/","url":"https:\/\/www.sistran.com\/latam\/wp-content\/uploads\/2021\/05\/Isologo-SISTRAN.png","contentUrl":"https:\/\/www.sistran.com\/latam\/wp-content\/uploads\/2021\/05\/Isologo-SISTRAN.png","width":391,"height":390,"caption":"SISTRAN"},"image":{"@id":"https:\/\/www.sistran.com\/latam\/#\/schema\/logo\/image\/"},"sameAs":["https:\/\/www.facebook.com\/sistranconsultores","https:\/\/x.com\/SistranC","https:\/\/www.linkedin.com\/company\/sistran-consultores\/","https:\/\/www.instagram.com\/sistranconsultores\/"]},{"@type":"Person","@id":"https:\/\/www.sistran.com\/latam\/#\/schema\/person\/99dea41e1ca370852369d9e822f3df72","name":"trebolnet","image":{"@type":"ImageObject","inLanguage":"es-AR","@id":"https:\/\/secure.gravatar.com\/avatar\/8aede67ff7009789b714cccdcb8215b89a65af0055c185714e72f91d3c1866ff?s=96&d=mm&r=g","url":"https:\/\/secure.gravatar.com\/avatar\/8aede67ff7009789b714cccdcb8215b89a65af0055c185714e72f91d3c1866ff?s=96&d=mm&r=g","contentUrl":"https:\/\/secure.gravatar.com\/avatar\/8aede67ff7009789b714cccdcb8215b89a65af0055c185714e72f91d3c1866ff?s=96&d=mm&r=g","caption":"trebolnet"}}]}},"_links":{"self":[{"href":"https:\/\/www.sistran.com\/latam\/wp-json\/wp\/v2\/posts\/5083","targetHints":{"allow":["GET"]}}],"collection":[{"href":"https:\/\/www.sistran.com\/latam\/wp-json\/wp\/v2\/posts"}],"about":[{"href":"https:\/\/www.sistran.com\/latam\/wp-json\/wp\/v2\/types\/post"}],"author":[{"embeddable":true,"href":"https:\/\/www.sistran.com\/latam\/wp-json\/wp\/v2\/users\/4"}],"replies":[{"embeddable":true,"href":"https:\/\/www.sistran.com\/latam\/wp-json\/wp\/v2\/comments?post=5083"}],"version-history":[{"count":9,"href":"https:\/\/www.sistran.com\/latam\/wp-json\/wp\/v2\/posts\/5083\/revisions"}],"predecessor-version":[{"id":5102,"href":"https:\/\/www.sistran.com\/latam\/wp-json\/wp\/v2\/posts\/5083\/revisions\/5102"}],"wp:featuredmedia":[{"embeddable":true,"href":"https:\/\/www.sistran.com\/latam\/wp-json\/wp\/v2\/media\/5093"}],"wp:attachment":[{"href":"https:\/\/www.sistran.com\/latam\/wp-json\/wp\/v2\/media?parent=5083"}],"wp:term":[{"taxonomy":"category","embeddable":true,"href":"https:\/\/www.sistran.com\/latam\/wp-json\/wp\/v2\/categories?post=5083"},{"taxonomy":"post_tag","embeddable":true,"href":"https:\/\/www.sistran.com\/latam\/wp-json\/wp\/v2\/tags?post=5083"}],"curies":[{"name":"wp","href":"https:\/\/api.w.org\/{rel}","templated":true}]}}