{"id":6777,"date":"2025-05-07T14:35:49","date_gmt":"2025-05-07T17:35:49","guid":{"rendered":"https:\/\/www.sistran.com\/latam\/?p=6777"},"modified":"2025-06-04T12:12:46","modified_gmt":"2025-06-04T15:12:46","slug":"que-tiene-que-ver-el-consumo-de-agua-con-la-ia","status":"publish","type":"post","link":"https:\/\/www.sistran.com\/latam\/es\/que-tiene-que-ver-el-consumo-de-agua-con-la-ia\/","title":{"rendered":"\u00bfQu\u00e9 tiene que ver el consumo de agua con la IA?"},"content":{"rendered":"<div class=\"wpb-content-wrapper\"><p>[vc_row][vc_column][vc_column_text css=&#8221;&#8221;]<em>En los \u00faltimos d\u00edas se ha viralizado que \u00b4la creaci\u00f3n de caricaturas inspiradas en el <\/em><a href=\"https:\/\/www.clarin.com\/tecnologia\/chatgpt-4o-gpus-derriten-copyright-jaque-debate-detras-imagenes-virales-open-ai_0_VVlP9f0CsZ.html\"><strong><em>Studio Ghibli<\/em><\/strong><\/a><em> generadas con Inteligencia Artificial por el ChatGPT insumen grandes cantidades de agua\u00b4. La afirmaci\u00f3n tiene una base real, aunque no lineal. Lo correcto ser\u00eda plantear que el consumo de agua se debe a la refrigeraci\u00f3n en los centros de datos que ejecutan modelos de IA como ChatGPT independientemente del tipo de informaci\u00f3n que procese. Es decir, generar una imagen de caricatura no requiere m\u00e1s agua que procesar cualquier otro tipo de informaci\u00f3n. El uso de agua est\u00e1 m\u00e1s relacionado con el volumen total de c\u00e1lculos y cu\u00e1nto calor generan, no con el tipo espec\u00edfico de contenido (texto, imagen, etc.).<\/em><\/p>\n<p>7\/5\/25 | Los modelos de IA, como ChatGPT se ejecutan en servidores muy potentes que generan una gran cantidad de calor, especialmente en sus etapas de entrenamiento y ejecuci\u00f3n a gran escala. Para mantenerlos en condiciones seguras de funcionamiento, se emplean sistemas de refrigeraci\u00f3n. Existen dos formas principales:<\/p>\n<ul style=\"font-family: corbel; color: #000000; font-size: 20px;\">\n<li>Refrigeraci\u00f3n por aire, que usa ventiladores.<\/li>\n<li>Refrigeraci\u00f3n por agua, que es m\u00e1s eficiente y se usa especialmente en centros de datos de alta densidad. El agua circula por sistemas de enfriamiento (como torres de enfriamiento o sistemas de intercambio t\u00e9rmico) para disipar el calor generado por el hardware.<\/li>\n<\/ul>\n<p>&nbsp;<\/p>\n<p>Este consumo, aunque invisible para el usuario final, representa una carga para los recursos h\u00eddricos, especialmente en regiones con crisis de agua.<\/p>\n<p>Seg\u00fan un estudio de 2019: &#8220;<a href=\"https:\/\/arxiv.org\/abs\/1906.02243\">Energy and Policy Considerations for Deep Learning in NLP<\/a>&#8220;, se estima que un modelo grande de NLP (Procesamiento del Lenguaje Natural, una rama de la IA) puede emitir hasta 284 toneladas m\u00e9tricas de CO\u2082, equivalente a las emisiones de cinco autos durante toda su vida \u00fatil.<\/p>\n<p>Para dar una visibilidad m\u00e1s clara, tambi\u00e9n podr\u00edamos mencionar un estudio de 2023 &#8220;<a href=\"https:\/\/arxiv.org\/abs\/2304.03271\">Making AI Less &#8216;Thirsty&#8217;: Uncovering and Addressing the Secret Water Footprint of AI Models<\/a>&#8221;\u00a0que registra que \u201c<em>una conversaci\u00f3n de 20 a 50 preguntas\/respuestas en ChatGPT puede consumir hasta 500 ml de agua, indirectamente a trav\u00e9s de la refrigeraci\u00f3n<\/em>\u201d.<\/p>\n<p style=\"text-align: left;\"><img loading=\"lazy\" decoding=\"async\" class=\"wp-image-6831 aligncenter\" src=\"https:\/\/www.sistran.com\/latam\/wp-content\/uploads\/2025\/06\/consumo-de-agua-con-el-uso-de-Inteligencia-Artificial-201x300.webp\" alt=\"Huella de carbono\" width=\"534\" height=\"797\" srcset=\"https:\/\/www.sistran.com\/latam\/wp-content\/uploads\/2025\/06\/consumo-de-agua-con-el-uso-de-Inteligencia-Artificial-201x300.webp 201w, https:\/\/www.sistran.com\/latam\/wp-content\/uploads\/2025\/06\/consumo-de-agua-con-el-uso-de-Inteligencia-Artificial-686x1024.webp 686w, https:\/\/www.sistran.com\/latam\/wp-content\/uploads\/2025\/06\/consumo-de-agua-con-el-uso-de-Inteligencia-Artificial-768x1146.webp 768w, https:\/\/www.sistran.com\/latam\/wp-content\/uploads\/2025\/06\/consumo-de-agua-con-el-uso-de-Inteligencia-Artificial-500x746.webp 500w, https:\/\/www.sistran.com\/latam\/wp-content\/uploads\/2025\/06\/consumo-de-agua-con-el-uso-de-Inteligencia-Artificial.webp 1000w\" sizes=\"auto, (max-width: 534px) 100vw, 534px\" \/><br \/>\nA medida que los modelos se hacen m\u00e1s grandes, su huella de carbono tambi\u00e9n aumenta. Existen esfuerzos crecientes por parte de la industria para usar energ\u00eda renovable, mejorar la eficiencia de los modelos y aumentar la transparencia de las emisiones.<\/p>\n<p>Entonces, \u00bfqu\u00e9 deber\u00edamos hacer para evitar este impacto ambiental? La tecnolog\u00eda es cada vez m\u00e1s necesaria en nuestras vidas, pero su uso deber ser <strong>consciente, medido y responsable: No al desperdicio energ\u00e9tico innecesario<\/strong> por modelos sobredimensionados para tareas triviales.[\/vc_column_text][\/vc_column][\/vc_row]<\/p>\n<\/div>","protected":false},"excerpt":{"rendered":"<p>[vc_row][vc_column][vc_column_text css=&#8221;&#8221;]En los \u00faltimos d\u00edas se ha viralizado que \u00b4la creaci\u00f3n de caricaturas inspiradas en el Studio Ghibli generadas con Inteligencia Artificial por el ChatGPT insumen grandes cantidades de agua\u00b4. La afirmaci\u00f3n tiene una base real, aunque no lineal. Lo correcto ser\u00eda plantear que el consumo de agua se debe a la refrigeraci\u00f3n en los [&hellip;]<\/p>\n","protected":false},"author":2,"featured_media":6823,"comment_status":"closed","ping_status":"open","sticky":false,"template":"","format":"standard","meta":{"footnotes":""},"categories":[6,4],"tags":[63,67,15,12,69],"class_list":["post-6777","post","type-post","status-publish","format-standard","has-post-thumbnail","hentry","category-destacada-es","category-noticia-es","tag-cambio-climatico","tag-chatgpt","tag-inteligencia-artificial","tag-seguros","tag-sostenibilidad","wow fadeIn"],"yoast_head":"<!-- This site is optimized with the Yoast SEO plugin v27.4 - https:\/\/yoast.com\/product\/yoast-seo-wordpress\/ -->\n<title>\u00bfQu\u00e9 tiene que ver el consumo de agua con la IA?<\/title>\n<meta name=\"description\" content=\"El consumo de agua se debe a la refrigeraci\u00f3n en los centros de datos que ejecutan modelos de Inteligencia Artificial.\" \/>\n<meta name=\"robots\" content=\"index, follow, max-snippet:-1, max-image-preview:large, max-video-preview:-1\" \/>\n<link rel=\"canonical\" href=\"https:\/\/www.sistran.com\/latam\/es\/que-tiene-que-ver-el-consumo-de-agua-con-la-ia\/\" \/>\n<meta property=\"og:locale\" content=\"es_ES\" \/>\n<meta property=\"og:type\" content=\"article\" \/>\n<meta property=\"og:title\" content=\"\u00bfQu\u00e9 tiene que ver el consumo de agua con la IA?\" \/>\n<meta property=\"og:description\" content=\"El consumo de agua se debe a la refrigeraci\u00f3n en los centros de datos que ejecutan modelos de Inteligencia Artificial.\" \/>\n<meta property=\"og:url\" content=\"https:\/\/www.sistran.com\/latam\/es\/que-tiene-que-ver-el-consumo-de-agua-con-la-ia\/\" \/>\n<meta property=\"og:site_name\" content=\"SISTRAN\" \/>\n<meta property=\"article:publisher\" content=\"https:\/\/www.facebook.com\/sistranconsultores\" \/>\n<meta property=\"article:published_time\" content=\"2025-05-07T17:35:49+00:00\" \/>\n<meta property=\"article:modified_time\" content=\"2025-06-04T15:12:46+00:00\" \/>\n<meta property=\"og:image\" content=\"https:\/\/www.sistran.com\/latam\/wp-content\/uploads\/2025\/05\/Refrigeracion-de-equipos.webp\" \/>\n\t<meta property=\"og:image:width\" content=\"1094\" \/>\n\t<meta property=\"og:image:height\" content=\"623\" \/>\n\t<meta property=\"og:image:type\" content=\"image\/webp\" \/>\n<meta name=\"author\" content=\"sistran\" \/>\n<meta name=\"twitter:card\" content=\"summary_large_image\" \/>\n<meta name=\"twitter:creator\" content=\"@SistranC\" \/>\n<meta name=\"twitter:site\" content=\"@SistranC\" \/>\n<meta name=\"twitter:label1\" content=\"Escrito por\" \/>\n\t<meta name=\"twitter:data1\" content=\"sistran\" \/>\n\t<meta name=\"twitter:label2\" content=\"Tiempo de lectura\" \/>\n\t<meta name=\"twitter:data2\" content=\"3 minutos\" \/>\n<script type=\"application\/ld+json\" class=\"yoast-schema-graph\">{\"@context\":\"https:\\\/\\\/schema.org\",\"@graph\":[{\"@type\":\"Article\",\"@id\":\"https:\\\/\\\/www.sistran.com\\\/latam\\\/es\\\/que-tiene-que-ver-el-consumo-de-agua-con-la-ia\\\/#article\",\"isPartOf\":{\"@id\":\"https:\\\/\\\/www.sistran.com\\\/latam\\\/es\\\/que-tiene-que-ver-el-consumo-de-agua-con-la-ia\\\/\"},\"author\":{\"name\":\"sistran\",\"@id\":\"https:\\\/\\\/www.sistran.com\\\/latam\\\/#\\\/schema\\\/person\\\/78942f9f4a525ce04aa3e08d6a905b81\"},\"headline\":\"\u00bfQu\u00e9 tiene que ver el consumo de agua con la IA?\",\"datePublished\":\"2025-05-07T17:35:49+00:00\",\"dateModified\":\"2025-06-04T15:12:46+00:00\",\"mainEntityOfPage\":{\"@id\":\"https:\\\/\\\/www.sistran.com\\\/latam\\\/es\\\/que-tiene-que-ver-el-consumo-de-agua-con-la-ia\\\/\"},\"wordCount\":470,\"publisher\":{\"@id\":\"https:\\\/\\\/www.sistran.com\\\/latam\\\/#organization\"},\"image\":{\"@id\":\"https:\\\/\\\/www.sistran.com\\\/latam\\\/es\\\/que-tiene-que-ver-el-consumo-de-agua-con-la-ia\\\/#primaryimage\"},\"thumbnailUrl\":\"https:\\\/\\\/www.sistran.com\\\/latam\\\/wp-content\\\/uploads\\\/2025\\\/05\\\/Refrigeracion-de-equipos.webp\",\"keywords\":[\"cambio clim\u00e1tico\",\"ChatGPT\",\"Inteligencia Artificial\",\"seguros\",\"sostenibilidad\"],\"articleSection\":[\"Destacada\",\"Noticia\"],\"inLanguage\":\"es-AR\"},{\"@type\":\"WebPage\",\"@id\":\"https:\\\/\\\/www.sistran.com\\\/latam\\\/es\\\/que-tiene-que-ver-el-consumo-de-agua-con-la-ia\\\/\",\"url\":\"https:\\\/\\\/www.sistran.com\\\/latam\\\/es\\\/que-tiene-que-ver-el-consumo-de-agua-con-la-ia\\\/\",\"name\":\"\u00bfQu\u00e9 tiene que ver el consumo de agua con la IA?\",\"isPartOf\":{\"@id\":\"https:\\\/\\\/www.sistran.com\\\/latam\\\/#website\"},\"primaryImageOfPage\":{\"@id\":\"https:\\\/\\\/www.sistran.com\\\/latam\\\/es\\\/que-tiene-que-ver-el-consumo-de-agua-con-la-ia\\\/#primaryimage\"},\"image\":{\"@id\":\"https:\\\/\\\/www.sistran.com\\\/latam\\\/es\\\/que-tiene-que-ver-el-consumo-de-agua-con-la-ia\\\/#primaryimage\"},\"thumbnailUrl\":\"https:\\\/\\\/www.sistran.com\\\/latam\\\/wp-content\\\/uploads\\\/2025\\\/05\\\/Refrigeracion-de-equipos.webp\",\"datePublished\":\"2025-05-07T17:35:49+00:00\",\"dateModified\":\"2025-06-04T15:12:46+00:00\",\"description\":\"El consumo de agua se debe a la refrigeraci\u00f3n en los centros de datos que ejecutan modelos de Inteligencia Artificial.\",\"breadcrumb\":{\"@id\":\"https:\\\/\\\/www.sistran.com\\\/latam\\\/es\\\/que-tiene-que-ver-el-consumo-de-agua-con-la-ia\\\/#breadcrumb\"},\"inLanguage\":\"es-AR\",\"potentialAction\":[{\"@type\":\"ReadAction\",\"target\":[\"https:\\\/\\\/www.sistran.com\\\/latam\\\/es\\\/que-tiene-que-ver-el-consumo-de-agua-con-la-ia\\\/\"]}]},{\"@type\":\"ImageObject\",\"inLanguage\":\"es-AR\",\"@id\":\"https:\\\/\\\/www.sistran.com\\\/latam\\\/es\\\/que-tiene-que-ver-el-consumo-de-agua-con-la-ia\\\/#primaryimage\",\"url\":\"https:\\\/\\\/www.sistran.com\\\/latam\\\/wp-content\\\/uploads\\\/2025\\\/05\\\/Refrigeracion-de-equipos.webp\",\"contentUrl\":\"https:\\\/\\\/www.sistran.com\\\/latam\\\/wp-content\\\/uploads\\\/2025\\\/05\\\/Refrigeracion-de-equipos.webp\",\"width\":1094,\"height\":623,\"caption\":\"IA y el consumo de agua\"},{\"@type\":\"BreadcrumbList\",\"@id\":\"https:\\\/\\\/www.sistran.com\\\/latam\\\/es\\\/que-tiene-que-ver-el-consumo-de-agua-con-la-ia\\\/#breadcrumb\",\"itemListElement\":[{\"@type\":\"ListItem\",\"position\":1,\"name\":\"Inicio\",\"item\":\"https:\\\/\\\/www.sistran.com\\\/latam\\\/es\\\/inicio\\\/\"},{\"@type\":\"ListItem\",\"position\":2,\"name\":\"\u00bfQu\u00e9 tiene que ver el consumo de agua con la IA?\"}]},{\"@type\":\"WebSite\",\"@id\":\"https:\\\/\\\/www.sistran.com\\\/latam\\\/#website\",\"url\":\"https:\\\/\\\/www.sistran.com\\\/latam\\\/\",\"name\":\"SISTRAN\",\"description\":\"Soluciones de Software para Compa\u00f1\u00edas de Seguros\",\"publisher\":{\"@id\":\"https:\\\/\\\/www.sistran.com\\\/latam\\\/#organization\"},\"potentialAction\":[{\"@type\":\"SearchAction\",\"target\":{\"@type\":\"EntryPoint\",\"urlTemplate\":\"https:\\\/\\\/www.sistran.com\\\/latam\\\/?s={search_term_string}\"},\"query-input\":{\"@type\":\"PropertyValueSpecification\",\"valueRequired\":true,\"valueName\":\"search_term_string\"}}],\"inLanguage\":\"es-AR\"},{\"@type\":\"Organization\",\"@id\":\"https:\\\/\\\/www.sistran.com\\\/latam\\\/#organization\",\"name\":\"SISTRAN\",\"url\":\"https:\\\/\\\/www.sistran.com\\\/latam\\\/\",\"logo\":{\"@type\":\"ImageObject\",\"inLanguage\":\"es-AR\",\"@id\":\"https:\\\/\\\/www.sistran.com\\\/latam\\\/#\\\/schema\\\/logo\\\/image\\\/\",\"url\":\"https:\\\/\\\/www.sistran.com\\\/latam\\\/wp-content\\\/uploads\\\/2021\\\/05\\\/Isologo-SISTRAN.png\",\"contentUrl\":\"https:\\\/\\\/www.sistran.com\\\/latam\\\/wp-content\\\/uploads\\\/2021\\\/05\\\/Isologo-SISTRAN.png\",\"width\":391,\"height\":390,\"caption\":\"SISTRAN\"},\"image\":{\"@id\":\"https:\\\/\\\/www.sistran.com\\\/latam\\\/#\\\/schema\\\/logo\\\/image\\\/\"},\"sameAs\":[\"https:\\\/\\\/www.facebook.com\\\/sistranconsultores\",\"https:\\\/\\\/x.com\\\/SistranC\",\"https:\\\/\\\/www.linkedin.com\\\/company\\\/sistran-consultores\\\/\",\"https:\\\/\\\/www.instagram.com\\\/sistranconsultores\\\/\"]},{\"@type\":\"Person\",\"@id\":\"https:\\\/\\\/www.sistran.com\\\/latam\\\/#\\\/schema\\\/person\\\/78942f9f4a525ce04aa3e08d6a905b81\",\"name\":\"sistran\",\"image\":{\"@type\":\"ImageObject\",\"inLanguage\":\"es-AR\",\"@id\":\"https:\\\/\\\/secure.gravatar.com\\\/avatar\\\/e6b8dc8db4fbbb432b0a8e17035b83d01ed2012e8628abb46516574da655c49c?s=96&d=mm&r=g\",\"url\":\"https:\\\/\\\/secure.gravatar.com\\\/avatar\\\/e6b8dc8db4fbbb432b0a8e17035b83d01ed2012e8628abb46516574da655c49c?s=96&d=mm&r=g\",\"contentUrl\":\"https:\\\/\\\/secure.gravatar.com\\\/avatar\\\/e6b8dc8db4fbbb432b0a8e17035b83d01ed2012e8628abb46516574da655c49c?s=96&d=mm&r=g\",\"caption\":\"sistran\"}}]}<\/script>\n<!-- \/ Yoast SEO plugin. -->","yoast_head_json":{"title":"\u00bfQu\u00e9 tiene que ver el consumo de agua con la IA?","description":"El consumo de agua se debe a la refrigeraci\u00f3n en los centros de datos que ejecutan modelos de Inteligencia Artificial.","robots":{"index":"index","follow":"follow","max-snippet":"max-snippet:-1","max-image-preview":"max-image-preview:large","max-video-preview":"max-video-preview:-1"},"canonical":"https:\/\/www.sistran.com\/latam\/es\/que-tiene-que-ver-el-consumo-de-agua-con-la-ia\/","og_locale":"es_ES","og_type":"article","og_title":"\u00bfQu\u00e9 tiene que ver el consumo de agua con la IA?","og_description":"El consumo de agua se debe a la refrigeraci\u00f3n en los centros de datos que ejecutan modelos de Inteligencia Artificial.","og_url":"https:\/\/www.sistran.com\/latam\/es\/que-tiene-que-ver-el-consumo-de-agua-con-la-ia\/","og_site_name":"SISTRAN","article_publisher":"https:\/\/www.facebook.com\/sistranconsultores","article_published_time":"2025-05-07T17:35:49+00:00","article_modified_time":"2025-06-04T15:12:46+00:00","og_image":[{"width":1094,"height":623,"url":"https:\/\/www.sistran.com\/latam\/wp-content\/uploads\/2025\/05\/Refrigeracion-de-equipos.webp","type":"image\/webp"}],"author":"sistran","twitter_card":"summary_large_image","twitter_creator":"@SistranC","twitter_site":"@SistranC","twitter_misc":{"Escrito por":"sistran","Tiempo de lectura":"3 minutos"},"schema":{"@context":"https:\/\/schema.org","@graph":[{"@type":"Article","@id":"https:\/\/www.sistran.com\/latam\/es\/que-tiene-que-ver-el-consumo-de-agua-con-la-ia\/#article","isPartOf":{"@id":"https:\/\/www.sistran.com\/latam\/es\/que-tiene-que-ver-el-consumo-de-agua-con-la-ia\/"},"author":{"name":"sistran","@id":"https:\/\/www.sistran.com\/latam\/#\/schema\/person\/78942f9f4a525ce04aa3e08d6a905b81"},"headline":"\u00bfQu\u00e9 tiene que ver el consumo de agua con la IA?","datePublished":"2025-05-07T17:35:49+00:00","dateModified":"2025-06-04T15:12:46+00:00","mainEntityOfPage":{"@id":"https:\/\/www.sistran.com\/latam\/es\/que-tiene-que-ver-el-consumo-de-agua-con-la-ia\/"},"wordCount":470,"publisher":{"@id":"https:\/\/www.sistran.com\/latam\/#organization"},"image":{"@id":"https:\/\/www.sistran.com\/latam\/es\/que-tiene-que-ver-el-consumo-de-agua-con-la-ia\/#primaryimage"},"thumbnailUrl":"https:\/\/www.sistran.com\/latam\/wp-content\/uploads\/2025\/05\/Refrigeracion-de-equipos.webp","keywords":["cambio clim\u00e1tico","ChatGPT","Inteligencia Artificial","seguros","sostenibilidad"],"articleSection":["Destacada","Noticia"],"inLanguage":"es-AR"},{"@type":"WebPage","@id":"https:\/\/www.sistran.com\/latam\/es\/que-tiene-que-ver-el-consumo-de-agua-con-la-ia\/","url":"https:\/\/www.sistran.com\/latam\/es\/que-tiene-que-ver-el-consumo-de-agua-con-la-ia\/","name":"\u00bfQu\u00e9 tiene que ver el consumo de agua con la IA?","isPartOf":{"@id":"https:\/\/www.sistran.com\/latam\/#website"},"primaryImageOfPage":{"@id":"https:\/\/www.sistran.com\/latam\/es\/que-tiene-que-ver-el-consumo-de-agua-con-la-ia\/#primaryimage"},"image":{"@id":"https:\/\/www.sistran.com\/latam\/es\/que-tiene-que-ver-el-consumo-de-agua-con-la-ia\/#primaryimage"},"thumbnailUrl":"https:\/\/www.sistran.com\/latam\/wp-content\/uploads\/2025\/05\/Refrigeracion-de-equipos.webp","datePublished":"2025-05-07T17:35:49+00:00","dateModified":"2025-06-04T15:12:46+00:00","description":"El consumo de agua se debe a la refrigeraci\u00f3n en los centros de datos que ejecutan modelos de Inteligencia Artificial.","breadcrumb":{"@id":"https:\/\/www.sistran.com\/latam\/es\/que-tiene-que-ver-el-consumo-de-agua-con-la-ia\/#breadcrumb"},"inLanguage":"es-AR","potentialAction":[{"@type":"ReadAction","target":["https:\/\/www.sistran.com\/latam\/es\/que-tiene-que-ver-el-consumo-de-agua-con-la-ia\/"]}]},{"@type":"ImageObject","inLanguage":"es-AR","@id":"https:\/\/www.sistran.com\/latam\/es\/que-tiene-que-ver-el-consumo-de-agua-con-la-ia\/#primaryimage","url":"https:\/\/www.sistran.com\/latam\/wp-content\/uploads\/2025\/05\/Refrigeracion-de-equipos.webp","contentUrl":"https:\/\/www.sistran.com\/latam\/wp-content\/uploads\/2025\/05\/Refrigeracion-de-equipos.webp","width":1094,"height":623,"caption":"IA y el consumo de agua"},{"@type":"BreadcrumbList","@id":"https:\/\/www.sistran.com\/latam\/es\/que-tiene-que-ver-el-consumo-de-agua-con-la-ia\/#breadcrumb","itemListElement":[{"@type":"ListItem","position":1,"name":"Inicio","item":"https:\/\/www.sistran.com\/latam\/es\/inicio\/"},{"@type":"ListItem","position":2,"name":"\u00bfQu\u00e9 tiene que ver el consumo de agua con la IA?"}]},{"@type":"WebSite","@id":"https:\/\/www.sistran.com\/latam\/#website","url":"https:\/\/www.sistran.com\/latam\/","name":"SISTRAN","description":"Soluciones de Software para Compa\u00f1\u00edas de Seguros","publisher":{"@id":"https:\/\/www.sistran.com\/latam\/#organization"},"potentialAction":[{"@type":"SearchAction","target":{"@type":"EntryPoint","urlTemplate":"https:\/\/www.sistran.com\/latam\/?s={search_term_string}"},"query-input":{"@type":"PropertyValueSpecification","valueRequired":true,"valueName":"search_term_string"}}],"inLanguage":"es-AR"},{"@type":"Organization","@id":"https:\/\/www.sistran.com\/latam\/#organization","name":"SISTRAN","url":"https:\/\/www.sistran.com\/latam\/","logo":{"@type":"ImageObject","inLanguage":"es-AR","@id":"https:\/\/www.sistran.com\/latam\/#\/schema\/logo\/image\/","url":"https:\/\/www.sistran.com\/latam\/wp-content\/uploads\/2021\/05\/Isologo-SISTRAN.png","contentUrl":"https:\/\/www.sistran.com\/latam\/wp-content\/uploads\/2021\/05\/Isologo-SISTRAN.png","width":391,"height":390,"caption":"SISTRAN"},"image":{"@id":"https:\/\/www.sistran.com\/latam\/#\/schema\/logo\/image\/"},"sameAs":["https:\/\/www.facebook.com\/sistranconsultores","https:\/\/x.com\/SistranC","https:\/\/www.linkedin.com\/company\/sistran-consultores\/","https:\/\/www.instagram.com\/sistranconsultores\/"]},{"@type":"Person","@id":"https:\/\/www.sistran.com\/latam\/#\/schema\/person\/78942f9f4a525ce04aa3e08d6a905b81","name":"sistran","image":{"@type":"ImageObject","inLanguage":"es-AR","@id":"https:\/\/secure.gravatar.com\/avatar\/e6b8dc8db4fbbb432b0a8e17035b83d01ed2012e8628abb46516574da655c49c?s=96&d=mm&r=g","url":"https:\/\/secure.gravatar.com\/avatar\/e6b8dc8db4fbbb432b0a8e17035b83d01ed2012e8628abb46516574da655c49c?s=96&d=mm&r=g","contentUrl":"https:\/\/secure.gravatar.com\/avatar\/e6b8dc8db4fbbb432b0a8e17035b83d01ed2012e8628abb46516574da655c49c?s=96&d=mm&r=g","caption":"sistran"}}]}},"_links":{"self":[{"href":"https:\/\/www.sistran.com\/latam\/wp-json\/wp\/v2\/posts\/6777","targetHints":{"allow":["GET"]}}],"collection":[{"href":"https:\/\/www.sistran.com\/latam\/wp-json\/wp\/v2\/posts"}],"about":[{"href":"https:\/\/www.sistran.com\/latam\/wp-json\/wp\/v2\/types\/post"}],"author":[{"embeddable":true,"href":"https:\/\/www.sistran.com\/latam\/wp-json\/wp\/v2\/users\/2"}],"replies":[{"embeddable":true,"href":"https:\/\/www.sistran.com\/latam\/wp-json\/wp\/v2\/comments?post=6777"}],"version-history":[{"count":15,"href":"https:\/\/www.sistran.com\/latam\/wp-json\/wp\/v2\/posts\/6777\/revisions"}],"predecessor-version":[{"id":6833,"href":"https:\/\/www.sistran.com\/latam\/wp-json\/wp\/v2\/posts\/6777\/revisions\/6833"}],"wp:featuredmedia":[{"embeddable":true,"href":"https:\/\/www.sistran.com\/latam\/wp-json\/wp\/v2\/media\/6823"}],"wp:attachment":[{"href":"https:\/\/www.sistran.com\/latam\/wp-json\/wp\/v2\/media?parent=6777"}],"wp:term":[{"taxonomy":"category","embeddable":true,"href":"https:\/\/www.sistran.com\/latam\/wp-json\/wp\/v2\/categories?post=6777"},{"taxonomy":"post_tag","embeddable":true,"href":"https:\/\/www.sistran.com\/latam\/wp-json\/wp\/v2\/tags?post=6777"}],"curies":[{"name":"wp","href":"https:\/\/api.w.org\/{rel}","templated":true}]}}